{"id":8365,"date":"2014-01-07T19:01:42","date_gmt":"2014-01-07T17:01:42","guid":{"rendered":"http:\/\/townportal.ro\/carti\/?guid=f079452705939875d388ffbbd7617219"},"modified":"2014-01-07T19:01:42","modified_gmt":"2014-01-07T17:01:42","slug":"excelenta-in-cultura-preambul-cu-epilog","status":"publish","type":"post","link":"https:\/\/townportal.ro\/carti\/stiri\/excelenta-in-cultura-preambul-cu-epilog\/","title":{"rendered":"Excelen\u0163a \u00een cultur\u0103. Preambul cu epilog"},"content":{"rendered":"<p>Sf\u00e2r\u015fitul \u015fi \u00eenceputul de an \u00eenseamn\u0103, de oarece vreme, (\u015fi) recunoa\u015fterea excelen\u0163ei \u00een cultur\u0103. \u00cen literatur\u0103, mai exact. Premiile Filialelor Bucure\u015fi ale Uniunii Scriitorilor se decerneaz\u0103 \u00een luna decembrie, c\u00e2nd are loc \u015fi Gala Premiilor Asocia\u0163iei Publica\u0163iilor Literare \u015fi a Editorilor din Rom\u00e2nia (APLER). \u00cen ziua de 15 ianuarie, la Boto\u015fani \u015fi Ipote\u015fti, seniori ai poeziei, dar \u015fi debutan\u0163i de raftul \u00eent\u00e2i primesc mult r\u00e2vni\u0163ii lauri, Premiul Na\u0163ional \u201eMihai Eminescu\u201d \u015fi Opera Prima. La Bucure\u015fti, \u00een aceea\u015fi zi, are loc Gala Tinerilor Scriitori. Unde sunt premiate cele mai \u00eemplinite c\u0103r\u0163i de poezie din anul care tocmai s-a scurs \u2013 seniori, poe\u0163i (\u00eenc\u0103) tineri \u015fi debutan\u0163i, categorie la care, foarte important, sunt premiate \u015fi numele cele mai promi\u0163\u0103toare care au debutat \u00een critica literar\u0103.<img loading=\"lazy\" src=\"http:\/\/feeds.feedburner.com\/~r\/AgentiaDeCarte\/~4\/hqTbFdH-PrQ\" height=\"1\" width=\"1\"\/><\/p>\n","protected":false},"excerpt":{"rendered":"<p>Sf&acirc;r&#351;itul &#351;i &icirc;nceputul de an &icirc;nseamn&#259;, de oarece vreme, (&#351;i) recunoa&#351;terea excelen&#355;ei &icirc;n cultur&#259;. &Icirc;n literatur&#259;, mai exact. Premiile Filialelor Bucure&#351;i ale Uniunii Scriitorilor se decerneaz&#259; &icirc;n luna decembrie, c&acirc;nd are loc &#351;i Gala Premiilor Asocia&#355;iei Publica&#355;iilor Literare &#351;i a Editorilor din Rom&acirc;nia (APLER). &Icirc;n ziua de 15 ianuarie, la Boto&#351;ani &#351;i Ipote&#351;ti, seniori ai poeziei, dar &#351;i debutan&#355;i de raftul &icirc;nt&acirc;i primesc mult r&acirc;vni&#355;ii lauri, Premiul Na&#355;ional &bdquo;Mihai Eminescu&rdquo; &#351;i Opera Prima. La Bucure&#351;ti, &icirc;n aceea&#351;i zi, are loc Gala Tinerilor Scriitori. Unde sunt premiate cele mai &icirc;mplinite c&#259;r&#355;i de poezie din anul care tocmai s-a scurs &ndash; seniori, poe&#355;i (&icirc;nc&#259;) tineri &#351;i debutan&#355;i, categorie la care, foarte important, sunt premiate &#351;i numele cele mai promi&#355;&#259;toare care au debutat &icirc;n critica literar&#259;.<img loading=\"lazy\" src=\"http:\/\/feeds.feedburner.com\/~r\/AgentiaDeCarte\/~4\/hqTbFdH-PrQ\" height=\"1\" width=\"1\"><\/p>\n","protected":false},"author":26,"featured_media":0,"comment_status":"closed","ping_status":"closed","sticky":false,"template":"","format":"standard","meta":[],"categories":[897],"tags":[2233],"_links":{"self":[{"href":"https:\/\/townportal.ro\/carti\/wp-json\/wp\/v2\/posts\/8365"}],"collection":[{"href":"https:\/\/townportal.ro\/carti\/wp-json\/wp\/v2\/posts"}],"about":[{"href":"https:\/\/townportal.ro\/carti\/wp-json\/wp\/v2\/types\/post"}],"author":[{"embeddable":true,"href":"https:\/\/townportal.ro\/carti\/wp-json\/wp\/v2\/users\/26"}],"replies":[{"embeddable":true,"href":"https:\/\/townportal.ro\/carti\/wp-json\/wp\/v2\/comments?post=8365"}],"version-history":[{"count":0,"href":"https:\/\/townportal.ro\/carti\/wp-json\/wp\/v2\/posts\/8365\/revisions"}],"wp:attachment":[{"href":"https:\/\/townportal.ro\/carti\/wp-json\/wp\/v2\/media?parent=8365"}],"wp:term":[{"taxonomy":"category","embeddable":true,"href":"https:\/\/townportal.ro\/carti\/wp-json\/wp\/v2\/categories?post=8365"},{"taxonomy":"post_tag","embeddable":true,"href":"https:\/\/townportal.ro\/carti\/wp-json\/wp\/v2\/tags?post=8365"}],"curies":[{"name":"wp","href":"https:\/\/api.w.org\/{rel}","templated":true}]}}