{"id":8331,"date":"2014-01-04T04:26:13","date_gmt":"2014-01-04T02:26:13","guid":{"rendered":"http:\/\/townportal.ro\/carti\/?guid=7c71bd8692e1a35717197603366e0dda"},"modified":"2014-01-04T04:26:13","modified_gmt":"2014-01-04T02:26:13","slug":"%e2%80%9eeseul-carnivor-de-constantin-iftime-editura-%e2%80%9etracus-arte","status":"publish","type":"post","link":"https:\/\/townportal.ro\/carti\/fara-categorie\/%e2%80%9eeseul-carnivor-de-constantin-iftime-editura-%e2%80%9etracus-arte\/","title":{"rendered":"\u201eEseul carnivor\u201d de Constantin Iftime, Editura \u201eTracus Arte\u201d"},"content":{"rendered":"<p>Constantin Iftime public\u0103 la Editura \u201eTracus Arte\u201d volumul \u201eEseul carnivor\u201d (192 p.), care cuprinde un num\u0103r de 43 de proze scurte cu scurte inser\u021bii de eseu. \u00cen opinia lui Ioan Gro\u0219an, care semneaz\u0103 un scurt \u201eCuv\u00e2nt \u00eenainte\u201d, aceste texte sunt \u00een mare parte eseuri-pamflet. \u00cen ansamblu, volumul pare a fi o cronic\u0103 a Rom\u00e2niei anului 2012, \u00een care reg\u0103sim personaje sau evenimente ale zilei, aruncate \u00een turbioanele unei fantezii intense. Concentrarea se simte at\u00e2t la nivelul structurii epicului, c\u00e2t \u0219i la cel al limbii. Spune Constantin Iftime: \u201e\u00cen \u00abEseul carnivor\u00bb, propun un gen de proz\u0103 scurt\u0103, care trimite vag la genul de spectacolreality show. Populez acest ansamblu,dotat cu multe cotloane sau straturi,cu personaje ale momentului, cu numele lor real,\u00eel decorez cu fragmente de realitate \u0219ocant\u0103, \u00een genul mizerabilist, folosindu-m\u0103 de o limb\u0103 rafinat\u0103 dar c\u00e2t mai actual\u0103. Ca \u0219i \u00een poezie, nu practic textul care stabile\u0219te, \u00eentre autor \u0219i cititor, o rela\u021bie suspect\u0103 de lingu\u0219eal\u0103, \u00een genul literaturii populiste. \u00cel rog pe cititorul care vrea ceva facil s\u0103 caute \u00een alt\u0103 parte. De data asta sunt contorsionat. \u00cemi cer iertare pentru r\u0103utatea asta. De fapt sunt polemic. Exist\u0103 un literator \u0219i la noi,nu numai \u00een America asta a globaliz\u0103rii, care nu suport\u0103 ad\u00e2ncimile \u0219i contorsion\u0103rile. Pe acesta vreau s\u0103-l z\u0103p\u0103cesc de cap,poate se lumineaz\u0103 c\u00e2t de c\u00e2t. \u0218i chiar de nu se va \u00eent\u00e2mpla a\u0219a,\u00een furtunile at\u00e2tor banalit\u0103\u021bi ale lui, sper s\u0103 reziste \u00een acest spa\u021biu lax \u0219i cortul meu, \u00een care stau cu ai mei \u0219i m\u0103 joc c\u00e2t mai intens.\u201d<img loading=\"lazy\" src=\"http:\/\/feeds.feedburner.com\/~r\/AgentiaDeCarte\/~4\/-PkFqByc554\" height=\"1\" width=\"1\"\/><\/p>\n","protected":false},"excerpt":{"rendered":"<p>Constantin Iftime public\u0103 la Editura \u201eTracus Arte\u201d volumul \u201eEseul carnivor\u201d (192 p.), care cuprinde un num\u0103r de 43 de proze scurte cu scurte inser\u021bii de eseu. \u00cen opinia lui Ioan Gro\u0219an, care semneaz\u0103 un scurt \u201eCuv\u00e2nt \u00eenainte\u201d, acest&#8230;<\/p>\n","protected":false},"author":26,"featured_media":0,"comment_status":"closed","ping_status":"closed","sticky":false,"template":"","format":"standard","meta":[],"categories":[],"tags":[],"_links":{"self":[{"href":"https:\/\/townportal.ro\/carti\/wp-json\/wp\/v2\/posts\/8331"}],"collection":[{"href":"https:\/\/townportal.ro\/carti\/wp-json\/wp\/v2\/posts"}],"about":[{"href":"https:\/\/townportal.ro\/carti\/wp-json\/wp\/v2\/types\/post"}],"author":[{"embeddable":true,"href":"https:\/\/townportal.ro\/carti\/wp-json\/wp\/v2\/users\/26"}],"replies":[{"embeddable":true,"href":"https:\/\/townportal.ro\/carti\/wp-json\/wp\/v2\/comments?post=8331"}],"version-history":[{"count":2,"href":"https:\/\/townportal.ro\/carti\/wp-json\/wp\/v2\/posts\/8331\/revisions"}],"predecessor-version":[{"id":8338,"href":"https:\/\/townportal.ro\/carti\/wp-json\/wp\/v2\/posts\/8331\/revisions\/8338"}],"wp:attachment":[{"href":"https:\/\/townportal.ro\/carti\/wp-json\/wp\/v2\/media?parent=8331"}],"wp:term":[{"taxonomy":"category","embeddable":true,"href":"https:\/\/townportal.ro\/carti\/wp-json\/wp\/v2\/categories?post=8331"},{"taxonomy":"post_tag","embeddable":true,"href":"https:\/\/townportal.ro\/carti\/wp-json\/wp\/v2\/tags?post=8331"}],"curies":[{"name":"wp","href":"https:\/\/api.w.org\/{rel}","templated":true}]}}