{"id":8321,"date":"2014-01-04T19:12:54","date_gmt":"2014-01-04T17:12:54","guid":{"rendered":"http:\/\/townportal.ro\/carti\/?guid=00893b4121356665d30ac685874a141f"},"modified":"2014-01-04T19:12:54","modified_gmt":"2014-01-04T17:12:54","slug":"2014-anul-recunostintei-culturale","status":"publish","type":"post","link":"https:\/\/townportal.ro\/carti\/stiri\/2014-anul-recunostintei-culturale\/","title":{"rendered":"2014, anul recuno\u015ftin\u0163ei culturale"},"content":{"rendered":"<p>\u00cen primele minute ale lui 2014 am ascultat, \u00een direct de la Catedrala Patriarhal\u0103, cuv\u00e2ntul de suflet \u015fi de \u00eenv\u0103\u0163\u0103tur\u0103 al Prea Fericitului Patriarh Daniel, din care am aflat c\u0103, prin hot\u0103r\u00e2rea Sf\u00e2ntului Sinod, anul \u00een care tocmai am intrat este An omagial euharistic. Un an al mul\u0163umirii sau al recuno\u015ftin\u0163ei aduse lui Dumnezeu. Vestea primit\u0103 m-a entuziasmat \u015fi a f\u0103cut ca \u00een sufletul meu s\u0103 construiesc case interioare cu apropia\u0163i \u015fi prieteni care tr\u0103iesc \u00een comuniune cu Dumnezeu, care lupt\u0103, cu mijloace subtile, sociale ori culturale, pentru t\u0103m\u0103duirea bolilor post-postmodernit\u0103\u0163ii (consumismul, tabloidizarea aspectelor intime ale vie\u0163ii, virtualizarea rela\u0163iilor umane, secularizarea). Vis\u00e2nd cu ochii deschi\u015fi la o lume ce poate s\u0103 se \u00eendep\u0103rteze de g\u00e2ndirea devoratoare, am ajuns s\u0103 imaginez un an 2014 al recuno\u015ftin\u0163ei culturale, \u00een care, pe cont propriu, f\u0103r\u0103 a fi declarat sau finan\u0163at de o institu\u0163ie a statului, s\u0103 mul\u0163umesc unor scriitori care m-au ajutat, prin operele (unii chiar prin prieteniile lor), s\u0103 m\u0103 pot transforma interior \u015fi s\u0103-mi g\u0103sesc, astfel, un son interior. Cum pot s\u0103rb\u0103tori acest an al recuno\u015ftin\u0163ei culturale? Prin evenimente \u015fi proiecte literare unde s\u0103 fie citite poemele unor fo\u015fti prieteni sau mae\u015ftri, unde s\u0103 fie evocate operele lor. Un an \u00een care s\u0103 le mul\u0163umim mae\u015ftrilor care sunt \u00een via\u0163\u0103 \u015fi un an \u00een care s\u0103 ne bucur\u0103m c\u0103 prin lucrarea Sf\u00e2ntului Duh exist\u0103 oameni care ne pot lumina via\u0163a.<img loading=\"lazy\" src=\"http:\/\/feeds.feedburner.com\/~r\/AgentiaDeCarte\/~4\/UBAnySNrLBk\" height=\"1\" width=\"1\"\/><\/p>\n","protected":false},"excerpt":{"rendered":"<p>\u00cen primele minute ale lui 2014 am ascultat, \u00een direct de la Catedrala Patriarhal\u0103, cuv\u00e2ntul de suflet \u015fi de \u00eenv\u0103\u0163\u0103tur\u0103 al Prea Fericitului Patriarh Daniel, din care am aflat c\u0103, prin hot\u0103r\u00e2rea Sf\u00e2ntului Sinod, anul \u00een care tocmai am intr&#8230;<\/p>\n","protected":false},"author":26,"featured_media":0,"comment_status":"closed","ping_status":"closed","sticky":false,"template":"","format":"standard","meta":[],"categories":[897],"tags":[2233],"_links":{"self":[{"href":"https:\/\/townportal.ro\/carti\/wp-json\/wp\/v2\/posts\/8321"}],"collection":[{"href":"https:\/\/townportal.ro\/carti\/wp-json\/wp\/v2\/posts"}],"about":[{"href":"https:\/\/townportal.ro\/carti\/wp-json\/wp\/v2\/types\/post"}],"author":[{"embeddable":true,"href":"https:\/\/townportal.ro\/carti\/wp-json\/wp\/v2\/users\/26"}],"replies":[{"embeddable":true,"href":"https:\/\/townportal.ro\/carti\/wp-json\/wp\/v2\/comments?post=8321"}],"version-history":[{"count":1,"href":"https:\/\/townportal.ro\/carti\/wp-json\/wp\/v2\/posts\/8321\/revisions"}],"predecessor-version":[{"id":8342,"href":"https:\/\/townportal.ro\/carti\/wp-json\/wp\/v2\/posts\/8321\/revisions\/8342"}],"wp:attachment":[{"href":"https:\/\/townportal.ro\/carti\/wp-json\/wp\/v2\/media?parent=8321"}],"wp:term":[{"taxonomy":"category","embeddable":true,"href":"https:\/\/townportal.ro\/carti\/wp-json\/wp\/v2\/categories?post=8321"},{"taxonomy":"post_tag","embeddable":true,"href":"https:\/\/townportal.ro\/carti\/wp-json\/wp\/v2\/tags?post=8321"}],"curies":[{"name":"wp","href":"https:\/\/api.w.org\/{rel}","templated":true}]}}