{"id":7323,"date":"2013-03-19T23:09:59","date_gmt":"2013-03-19T21:09:59","guid":{"rendered":"http:\/\/www.agentiadecarte.ro\/?p=50862"},"modified":"2013-03-19T23:09:59","modified_gmt":"2013-03-19T21:09:59","slug":"papadia-electrica-de-serban-axinte","status":"publish","type":"post","link":"https:\/\/townportal.ro\/carti\/stiri\/papadia-electrica-de-serban-axinte\/","title":{"rendered":"\u201cP\u0103p\u0103dia electric\u0103\u201d de \u015eerban Axinte"},"content":{"rendered":"<p><strong><a href=\"http:\/\/www.agentiadecarte.ro\/wp-content\/uploads\/2013\/03\/978-606-8342-76-4_3d-small.png\"><img loading=\"lazy\" class=\"alignleft size-medium wp-image-50863\" title=\"978-606-8342-76-4_3d-small\" src=\"http:\/\/www.agentiadecarte.ro\/wp-content\/uploads\/2013\/03\/978-606-8342-76-4_3d-small-165x300.png\" alt=\"\" width=\"165\" height=\"300\" \/><\/a>Vineri, 22 martie 2013, ora 18.00, la Librarium Palas (Ia\u015fi), va avea loc lansarea volumului de poezie\u00a0\u201cP\u0103p\u0103dia electric\u0103\u201d de \u015eerban Axinte, editura Casa de Pariuri Literare. Invita\u0163i, al\u0103turi de autor: Doris Mironescu, Antonio Patra\u015f \u015fi Adrian G. Romila.<\/strong><\/p>\n<p>\u201eCeea ce surprinde \u015fi fascineaz\u0103 din capul locului \u00een\u00a0<em>P\u0103p\u0103dia electric\u0103<\/em> este naturale\u0163ea cu care \u015eerban Axinte \u00ee\u015fi transcrie viziunile. Discursul s\u0103u nu are nimic contraf\u0103cut, strident, \u00abliterar\u00bb; din contr\u0103, poetul las\u0103 impresia c\u0103 nu face dec\u00e2t s\u0103 repertorieze c\u00e2t mai neutru, cu o precizie de grefier, o lume care i se ofer\u0103 de-a gata \u015fi care, \u00een ultim\u0103 instan\u0163\u0103, \u00eel cuprinde.\u201d (<em>Andrei Terian<\/em>)<\/p>\n<p>\u201e(\u2026)<em>P\u0103p\u0103dia electric\u0103<\/em> e construit\u0103 din trei cicluri (ca \u015fi\u00a0<em>Lumea<\/em><em> <\/em><em>\u0163i-a ie\u015fit a\u015fa cum ai vrut<\/em>, de altfel \u2013 ceea ce poate s\u0103 sugereze un anumit\u00a0<em>pattern<\/em> arhitectural urm\u0103rit cu schepsis), intitulate\u00a0<em>decoct<\/em>,\u00a0<em>bulb<\/em> \u015fi\u00a0<em>acele electrice<\/em>; ei bine, poemele tuturor acestor trei cicluri sunt inervate de imagini remarcabile, deseori de-a dreptul memorabile \u2013 citez aproape la \u00eent\u00e2mplare: \u00abs\u0103 ni se ridice din inim\u0103 o lumin\u0103 at\u00e2t de puternic\u0103 \u00eenc\u00e2t cus\u0103tura lumilor s\u0103 nu se mai vad\u0103\u00bb (<em>acele electrice<\/em>). Sunt, toate, imagini de o mare frumuse\u0163e, cu care empatizezi instantaneu \u015fi te fac s\u0103 stabile\u015fti cu textul de sub ochi acel contract de \u00eencredere despre care vorbea c\u00e2ndva Borges ca de o condi\u0163ie\u00a0<em>sine qua non<\/em><em> <\/em>a lecturii de poezie.<\/p>\n<p>(\u2026) A\u015fadar, dac\u0103 \u0163inem s\u0103-l etichet\u0103m genera\u0163ionist pe \u015eerban Axinte, nu putem dec\u00e2t conchide c\u0103 e cel mai atipic dou\u0103miist. Cu excep\u0163ia obsesiei pentru\u00a0<em>hapax<\/em>-ul existen\u0163ial, nimic nu-l leag\u0103 de genera\u0163ia sa: nici poetica, nici maniera, nici tehnica. O atipie profund\u0103 transpare din tot scrisul lui poetic; or, dup\u0103 cum se \u015ftie, atipicii sunt \u00eentotdeauna c\u00e2\u015ftig\u0103tori pe termen lung.\u201c (<em>Radu Vancu<\/em>)<\/p>\n<p>vizualizari: 56<\/p>\n","protected":false},"excerpt":{"rendered":"<p>Vineri, 22 martie 2013, ora 18.00, la Librarium Palas (Ia\u015fi), va avea loc lansarea volumului de poezie \u201cP\u0103p\u0103dia electric\u0103\u201d de \u015eerban Axinte, editura Casa de Pariuri Literare. Invita\u0163i, al\u0103turi de autor: Doris Mironescu, Antonio Patra\u015f \u015fi Adrian G. Romila. \u201eCeea ce surprinde \u015fi fascineaz\u0103 din capul locului \u00een P\u0103p\u0103dia electric\u0103 este naturale\u0163ea cu care \u015eerban Axinte \u00ee\u015fi transcrie viziunile. Discursul s\u0103u nu are nimic contraf\u0103cut, strident, \u00abliterar\u00bb; din contr\u0103, poetul las\u0103 impresia c\u0103 nu face dec\u00e2t s\u0103 repertorieze c\u00e2t mai neutru, cu o precizie de grefier, o lume care i se ofer\u0103 de-a gata \u015fi care, \u00een ultim\u0103 instan\u0163\u0103, \u00eel cuprinde.\u201d (Andrei Terian)<\/p>\n","protected":false},"author":26,"featured_media":0,"comment_status":"closed","ping_status":"closed","sticky":false,"template":"","format":"standard","meta":[],"categories":[897],"tags":[2233],"_links":{"self":[{"href":"https:\/\/townportal.ro\/carti\/wp-json\/wp\/v2\/posts\/7323"}],"collection":[{"href":"https:\/\/townportal.ro\/carti\/wp-json\/wp\/v2\/posts"}],"about":[{"href":"https:\/\/townportal.ro\/carti\/wp-json\/wp\/v2\/types\/post"}],"author":[{"embeddable":true,"href":"https:\/\/townportal.ro\/carti\/wp-json\/wp\/v2\/users\/26"}],"replies":[{"embeddable":true,"href":"https:\/\/townportal.ro\/carti\/wp-json\/wp\/v2\/comments?post=7323"}],"version-history":[{"count":0,"href":"https:\/\/townportal.ro\/carti\/wp-json\/wp\/v2\/posts\/7323\/revisions"}],"wp:attachment":[{"href":"https:\/\/townportal.ro\/carti\/wp-json\/wp\/v2\/media?parent=7323"}],"wp:term":[{"taxonomy":"category","embeddable":true,"href":"https:\/\/townportal.ro\/carti\/wp-json\/wp\/v2\/categories?post=7323"},{"taxonomy":"post_tag","embeddable":true,"href":"https:\/\/townportal.ro\/carti\/wp-json\/wp\/v2\/tags?post=7323"}],"curies":[{"name":"wp","href":"https:\/\/api.w.org\/{rel}","templated":true}]}}