{"id":7310,"date":"2013-03-17T11:44:31","date_gmt":"2013-03-17T09:44:31","guid":{"rendered":"http:\/\/www.agentiadecarte.ro\/?p=50695"},"modified":"2013-03-17T11:44:31","modified_gmt":"2013-03-17T09:44:31","slug":"romania-la-salon-du-livre-un-esec-anuntat","status":"publish","type":"post","link":"https:\/\/townportal.ro\/carti\/stiri\/romania-la-salon-du-livre-un-esec-anuntat\/","title":{"rendered":"Rom\u00e2nia la Salon du Livre, un e\u015fec anun\u0163at?"},"content":{"rendered":"<p><strong><a href=\"http:\/\/www.agentiadecarte.ro\/wp-content\/uploads\/2013\/03\/DMC-300x2001.jpg\"><img loading=\"lazy\" class=\"alignleft size-full wp-image-50696\" title=\"DMC-300x200\" src=\"http:\/\/www.agentiadecarte.ro\/wp-content\/uploads\/2013\/03\/DMC-300x2001.jpg\" alt=\"\" width=\"300\" height=\"200\" \/><\/a>Mi-e tare team\u0103 c\u0103 prezen\u0163a Rom\u00e2niei ca invitat de onoare la Salonul de Carte de la Paris s\u0103 nu fie un e\u015fec anun\u0163at. La o radiografiere lucid\u0103 asupra industriei editoriale din Rom\u00e2nia, nu avem cum s\u0103 nu constat\u0103m c\u00e2teva probleme de fond: industria editorial\u0103 este cea mai decapitalizat\u0103 dintre industriile rom\u00e2ne\u015fti (at\u00e2tea c\u00e2te mai sunt!); c\u0103derea pie\u0163ei cu peste 45% fa\u0163\u0103 de anul 2008 \u015fi c\u0103derea puterii de cump\u0103rare a rom\u00e2nilor a lovit \u00een casele editoriale de calitate, care se confrunt\u0103 cu o criz\u0103 de cash-flow \u015fi de plat\u0103 a salariilor; lipsa unui sistem de distribu\u0163ie \u015fi de promovare a c\u0103r\u0163ii a f\u0103cut ca spa\u0163iul cultural rom\u00e2nesc s\u0103 se tribalizeze \u015fi mai mult. Pe l\u00e2ng\u0103 aceste probleme structurale care fr\u00e2neaz\u0103 industria editorial\u0103 din Rom\u00e2nia, sunt \u015fi problemele create de tranzi\u0163ia Institutului Cultural Rom\u00e2n \u015fi de b\u00e2lbele organizatorice ori de imagine ale responsabilului pentru standul na\u0163ional al Rom\u00e2niei de la Paris. <\/strong><\/p>\n<p>Programul publicat de ICR e, mai de grab\u0103, unul de conjuctur\u0103 \u015fi care bifeaz\u0103, c\u00e2t de c\u00e2t onorabil, o prezen\u0163\u0103 pe care unii o feti\u015fizeaz\u0103, iar al\u0163ii o pun sub semnul \u00eentreb\u0103rii. Din acest program, nu po\u0163i \u00een\u0163elege clar care sunt liniile de for\u0163\u0103 ale literaturii \u015fi culturii noastre \u015fi care sunt acele zone identitare pe care am putea s\u0103 le export\u0103m \u015fi s\u0103 le promov\u0103m cu succes.<\/p>\n<p>Sper din toat\u0103 inima c\u0103 realitatea din standul Rom\u00e2niei de la Salon du Livre s\u0103-mi infirme aceste temeri. Dac\u0103 a\u015fa va fi, voi da m\u0103rturie pentru Agen\u0163iadeCarte.ro prin transmisiile pe care le voi face direct de la Paris.<\/p>\n<p><strong>Dan Mircea CIPARIU<\/strong><\/p>\n<p>vizualizari: 177<\/p>\n","protected":false},"excerpt":{"rendered":"<p>Mi-e tare team\u0103 c\u0103 prezen\u0163a Rom\u00e2niei ca invitat de onoare la Salonul de Carte de la Paris s\u0103 nu fie un e\u015fec anun\u0163at. La o radiografiere lucid\u0103 asupra industriei editoriale din Rom\u00e2nia, nu avem cum s\u0103 nu constat\u0103m c\u00e2teva probleme de fond: industria editorial\u0103 este cea mai decapitalizat\u0103 dintre industriile rom\u00e2ne\u015fti (at\u00e2tea c\u00e2te mai sunt!); c\u0103derea pie\u0163ei cu peste 45% fa\u0163\u0103 de anul 2008 \u015fi c\u0103derea puterii de cump\u0103rare a rom\u00e2nilor a lovit \u00een casele editoriale de calitate, care se confrunt\u0103 cu o criz\u0103 de cash-flow \u015fi de plat\u0103 a salariilor; lipsa unui sistem de distribu\u0163ie \u015fi de promovare a c\u0103r\u0163ii a f\u0103cut ca spa\u0163iul cultural rom\u00e2nesc s\u0103 se tribalizeze \u015fi mai mult. Pe l\u00e2ng\u0103 aceste probleme structurale care fr\u00e2neaz\u0103 industria editorial\u0103 din Rom\u00e2nia, sunt \u015fi problemele create de tranzi\u0163ia Institutului Cultural Rom\u00e2n \u015fi de b\u00e2lbele organizatorice ori de imagine ale responsabilului pentru standul na\u0163ional al Rom\u00e2niei de la Paris.<\/p>\n","protected":false},"author":26,"featured_media":0,"comment_status":"closed","ping_status":"closed","sticky":false,"template":"","format":"standard","meta":[],"categories":[897],"tags":[1890,2233],"_links":{"self":[{"href":"https:\/\/townportal.ro\/carti\/wp-json\/wp\/v2\/posts\/7310"}],"collection":[{"href":"https:\/\/townportal.ro\/carti\/wp-json\/wp\/v2\/posts"}],"about":[{"href":"https:\/\/townportal.ro\/carti\/wp-json\/wp\/v2\/types\/post"}],"author":[{"embeddable":true,"href":"https:\/\/townportal.ro\/carti\/wp-json\/wp\/v2\/users\/26"}],"replies":[{"embeddable":true,"href":"https:\/\/townportal.ro\/carti\/wp-json\/wp\/v2\/comments?post=7310"}],"version-history":[{"count":0,"href":"https:\/\/townportal.ro\/carti\/wp-json\/wp\/v2\/posts\/7310\/revisions"}],"wp:attachment":[{"href":"https:\/\/townportal.ro\/carti\/wp-json\/wp\/v2\/media?parent=7310"}],"wp:term":[{"taxonomy":"category","embeddable":true,"href":"https:\/\/townportal.ro\/carti\/wp-json\/wp\/v2\/categories?post=7310"},{"taxonomy":"post_tag","embeddable":true,"href":"https:\/\/townportal.ro\/carti\/wp-json\/wp\/v2\/tags?post=7310"}],"curies":[{"name":"wp","href":"https:\/\/api.w.org\/{rel}","templated":true}]}}