{"id":7309,"date":"2013-03-17T16:29:07","date_gmt":"2013-03-17T14:29:07","guid":{"rendered":"http:\/\/www.agentiadecarte.ro\/?p=50703"},"modified":"2013-03-17T16:29:07","modified_gmt":"2013-03-17T14:29:07","slug":"despre-expozitia-polidigitatii-semnata-de-serban-foarta-si-romelo-pervolovici-la-cafeneaua-critica","status":"publish","type":"post","link":"https:\/\/townportal.ro\/carti\/stiri\/despre-expozitia-polidigitatii-semnata-de-serban-foarta-si-romelo-pervolovici-la-cafeneaua-critica\/","title":{"rendered":"Despre expozi\u0163ia \u201cPolidigita\u0163ii\u201d, semnat\u0103 de \u015eerban Foar\u0163\u0103 \u015fi Romelo Pervolovici, la \u201cCafeneaua critic\u0103\u201d"},"content":{"rendered":"<p><strong>Mar\u0163i, 19 martie 2013, ora 19.00, la Victoria Art Center (Calea Victoriei 12 C, Bucure\u015fti), va avea loc o nou\u0103 edi\u0163ie a proiectului de dezbateri culturale \u201cCafeneaua critic\u0103\u201d. Aceasta este o edi\u0163ie special\u0103, \u00een cadrul expozi\u021biei\u00a0\u201cPolidigita\u0163ii\u201d, semnat\u0103 de \u015eerban Foar\u0163\u0103 \u015fi Romelo Pervolovici; curator: Ion Bogdan Lefter.\u00a0Invita\u0163i: \u015eerban Foar\u0163\u0103 \u015fi Romelo Pervolovici; cu participarea pictorului Petru Lucaci, pre\u015fedinte al Uniunii Arti\u015ftilor Plastici, director al Galeriei Victoria Art Center. Amfitrion:\u00a0Ion Bogdan Lefter.<\/strong><\/p>\n<p>Generat de punerea \u00een dialog a unui poet (\u015eerban Foar\u0163\u0103) cu un artist vizual (Romelo Pervolovici) de c\u0103tre un critic (Ion Bogdan Lefter), proiectul\u00a0\u201c<strong>Polidigita\u0163iilor\u201d<\/strong> a parcurs p\u00e2n\u0103 acum dou\u0103 etape: publicarea \u00eentr-o revist\u0103 \u015fi apoi \u00eentr-o carte \u201epentru copii \u015fi rafina\u0163i\u201d:\u00a0\u201c<strong>Ispr\u0103vile lui Dege\u0163el \u015fi ale altora ca el\u201d,<\/strong> Editura Paralela 45, 2007. Experiment deschis \u2013 \u201ework in progress\u201d \u2013, proiectul continu\u0103 cu acest eveniment digitalo-textualo-vizual, expozi\u0163ie \u015fi nu prea\/nu doar:\u00a0\u201e<strong>Polidigita\u0163ii\u201d<\/strong> la Victoria Art Center.<\/p>\n<p><strong>Cafeneaua critic\u0103<\/strong> este un proiect de dezbateri culturale\u00a0pe teme de actualitate. Prima serie s-a desf\u0103\u015furat \u00een anii 1990, la Cafeneaua Facult\u0103\u0163ii de Litere a Universit\u0103\u0163ii Bucure\u015fti. De la reluarea sa \u00een noiembrie 2008,\u00a0<strong>Cafeneaua critic\u0103<\/strong> a fost g\u0103zduit\u0103 de cluburile bucure\u015ftene The Silver Church, Club A \u015fi Club Control.\u00a0De la debutul \u201estagiunii\u201d 2011-2012,\u00a0<strong>Cafeneaua critic\u0103<\/strong> a revenit la Club A.<\/p>\n<p>vizualizari: 52<\/p>\n","protected":false},"excerpt":{"rendered":"<p>Mar\u0163i, 19 martie 2013, ora 19.00, la Victoria Art Center va avea loc o nou\u0103 edi\u0163ie a proiectului de dezbateri culturale \u201cCafeneaua critic\u0103\u201d. Aceasta este o edi\u0163ie special\u0103, \u00een cadrul expozi\u021biei \u201cPolidigita\u0163ii\u201d, semnat\u0103 de \u015eerban Foar\u0163\u0103 \u015fi Romelo Pervolovici; curator: Ion Bogdan Lefter.<\/p>\n","protected":false},"author":26,"featured_media":0,"comment_status":"closed","ping_status":"closed","sticky":false,"template":"","format":"standard","meta":[],"categories":[897],"tags":[1889,2233],"_links":{"self":[{"href":"https:\/\/townportal.ro\/carti\/wp-json\/wp\/v2\/posts\/7309"}],"collection":[{"href":"https:\/\/townportal.ro\/carti\/wp-json\/wp\/v2\/posts"}],"about":[{"href":"https:\/\/townportal.ro\/carti\/wp-json\/wp\/v2\/types\/post"}],"author":[{"embeddable":true,"href":"https:\/\/townportal.ro\/carti\/wp-json\/wp\/v2\/users\/26"}],"replies":[{"embeddable":true,"href":"https:\/\/townportal.ro\/carti\/wp-json\/wp\/v2\/comments?post=7309"}],"version-history":[{"count":0,"href":"https:\/\/townportal.ro\/carti\/wp-json\/wp\/v2\/posts\/7309\/revisions"}],"wp:attachment":[{"href":"https:\/\/townportal.ro\/carti\/wp-json\/wp\/v2\/media?parent=7309"}],"wp:term":[{"taxonomy":"category","embeddable":true,"href":"https:\/\/townportal.ro\/carti\/wp-json\/wp\/v2\/categories?post=7309"},{"taxonomy":"post_tag","embeddable":true,"href":"https:\/\/townportal.ro\/carti\/wp-json\/wp\/v2\/tags?post=7309"}],"curies":[{"name":"wp","href":"https:\/\/api.w.org\/{rel}","templated":true}]}}