{"id":7308,"date":"2013-03-17T16:35:21","date_gmt":"2013-03-17T14:35:21","guid":{"rendered":"http:\/\/www.agentiadecarte.ro\/?p=50706"},"modified":"2013-03-17T16:35:21","modified_gmt":"2013-03-17T14:35:21","slug":"capat-de-linie-de-leon-iosif-grapini-lansat-la-usr-cluj","status":"publish","type":"post","link":"https:\/\/townportal.ro\/carti\/stiri\/capat-de-linie-de-leon-iosif-grapini-lansat-la-usr-cluj\/","title":{"rendered":"\u201cCap\u0103t de linie\u201d de Leon-Iosif Grapini, lansat la USR Cluj"},"content":{"rendered":"<p><strong><a href=\"http:\/\/www.agentiadecarte.ro\/wp-content\/uploads\/2013\/03\/Afis-Grapini-USR-Cluj.jpg\"><img loading=\"lazy\" class=\"alignleft size-full wp-image-50707\" title=\"Afis Grapini USR Cluj\" src=\"http:\/\/www.agentiadecarte.ro\/wp-content\/uploads\/2013\/03\/Afis-Grapini-USR-Cluj.jpg\" alt=\"\" width=\"113\" height=\"160\" \/><\/a>Miercuri, 20 martie 2013, ora 12:00, la sediul Filialei Uniunii Scriitorilor din Cluj, va avea loc lansarea volumului \u201cCap\u0103t de linie\u201d de Leon-Iosif Grapini, Editura Editura Eikon. Prezint\u0103:\u00a0Irina Petra\u015f, Ioan-Pavel Azap, Victor Cuble\u015fan, Vasile Gogea, Ion Mure\u015fan, Petru Poant\u0103. <\/strong><\/p>\n<p>Leon-Iosif Grapini a f\u0103cut mai mult dec\u00eet al\u0163i autori care au resuscitat personaje din propriile scrieri sau ale altora: mai r\u0103bd\u0103tor, mai aplicat (ardelean), mai entuziast (italian, dup\u0103 nume), el a valorificat profund, \u00een povestiri mig\u0103lite \u015fi construc\u0163ii bine \u00eenchegate, imensa poten\u0163ialitate a unor personaje \u201enedrept\u201d \u00eenchise \u00een textele unor scriitori rom\u00e2ni. \u015ei nu personaje din partea superioar\u0103 a afi\u015fului, ci caractere aparent m\u0103runte: \u201epro\u015ftii\u201d lui Rebreanu, cumetrele dintr-o povestire a lui Preda (\u201eAmiaz\u0103 de var\u0103\u201d), \u015feful de gar\u0103 \u015fi acarul de la Gro\u015fan (continuarea la \u201eTrenul de noapte\u201d d\u0103 titlul volumului), personajul abulic din \u201eDou\u0103sprezece mii de capete de vite\u201d de Mircea Eliade, chiar calul Bator din povestirea omonim\u0103, urmare la Fefeleaga lui Ag\u00e2rbiceau, \u015fi mul\u0163i al\u0163ii. (<strong>Horia G\u00e2rbea <\/strong>\u00een Via\u021ba Rom\u00e2neasc\u0103 nr. 9-10\/2012)<\/p>\n<p>Prozele-continuare se legitimeaz\u0103 prin toat\u0103 experien\u0163a acumulat\u0103 deja de autor. De\u015fi vor \u00eencerca s\u0103 p\u0103streze leg\u0103tura cu baza \u015fi vor strecura repere u\u015for de descifrat, \u015fi chiar dac\u0103 o lectur\u0103 \u00een paralel a prozei de pornire cu continuarea ei din acest volum ar putea fi un prilej de descoperit \u015fi alte atingeri, ele pot fi citite \u015fi independent. Ba, a\u015f zice c\u0103 exact a\u015fa se cuvin citite, \u00een singur\u0103tatea lor taton\u00e2nd vecin\u0103t\u0103\u0163i. Eu le v\u0103d ca momente de respiro, vag ludice, c\u0103ci oarecum de vacan\u0163\u0103, un prilej pentru prozator de a-\u015fi drege vocea \u00eenaintea unui alte solide partituri. (<strong>Irina Petra\u0219 <\/strong>\u00een Rom\u00e2nia literar\u0103 nr. 40\/2012)<\/p>\n<p>Amprenta scriitorului Leon-Iosif Grapini, ceea ce primene\u015fte povestirile f\u0103r\u0103 a \u00eempieta \u00een vreun fel la amprenta lor&#8230; genetic\u0103 este misterul, miraculosul, fantasticul, crepusculul (da, prezent chiar ziua \u00een amiaza mare), atmosfera cu insinu\u0103ri hibernale, solitudinea aproape carnal\u0103, parfumul pe alocuri senzual, abisul b\u0103nuit abia, scrutarea nev\u0103zutului, o privilegiere a discretului, umilului, a smereniei, a inocen\u0163ei, ingegno \u00een stare germinativ\u0103. Prin noul s\u0103u volum de povestiri, Leon-Iosif Grapini propune un decameron livresc, concentr\u0103ri de uimire \u015fi rigoare vibr\u00e2nd \u00eentr-o sensibil\u0103 combustie: seduc\u0163ia unui alt destin. (<strong>Andrea <\/strong><strong>Hede\u0219 <\/strong>\u00een Luceaf\u0103rul de diminea\u021b\u0103 nr. 11\/2012)<\/p>\n<p><strong>Leon-Iosif Grapini<\/strong> a debutat cu versuri \u00een revista <em>Inimi sub drapel<\/em> a Liceului Militar \u201eMihai Viteazul\u201d, Alba-Iulia, 1980. A publicat urm\u0103toarele volume: <em>Livada cu poeme<\/em>, versuri, 1997; <em>Aripi de \u00eentuneric<\/em>, versuri, 1999; <em>G\u00e2ndurile trupuri<\/em>, versuri, 2000; <em>Cetatea cu nebuni<\/em>, proz\u0103 scurt\u0103, 2000; edi\u0163ia a II-a, 2012; <em>Cap\u0103tul lumii<\/em>, roman, 2004; edi\u0163ia a II-a, 2011; <em>Memorialul Cet\u0103\u0163ii<\/em>, roman, 2010 &#8211; Premiul \u201eLiviu Rebreanu\u201d, pentru proz\u0103, al Uniunii Scriitorilor din Rom\u00e2nia, Filiala Cluj, 2011. Este membru al Uniunii Scriitorilor din Rom\u00e2nia.<\/p>\n<p>vizualizari: 58<\/p>\n","protected":false},"excerpt":{"rendered":"<p>Miercuri, 20 martie 2013, ora 12:00, la sediul Filialei Uniunii Scriitorilor din Cluj, va avea loc lansarea volumului \u201cCap\u0103t de linie\u201d de Leon-Iosif Grapini, Editura Editura Eikon. Prezint\u0103: Irina Petra\u015f, Ioan-Pavel Azap, Victor Cuble\u015fan, Vasile Gogea, Ion Mure\u015fan, Petru Poant\u0103.<\/p>\n","protected":false},"author":26,"featured_media":0,"comment_status":"closed","ping_status":"closed","sticky":false,"template":"","format":"standard","meta":[],"categories":[897],"tags":[1888,2233],"_links":{"self":[{"href":"https:\/\/townportal.ro\/carti\/wp-json\/wp\/v2\/posts\/7308"}],"collection":[{"href":"https:\/\/townportal.ro\/carti\/wp-json\/wp\/v2\/posts"}],"about":[{"href":"https:\/\/townportal.ro\/carti\/wp-json\/wp\/v2\/types\/post"}],"author":[{"embeddable":true,"href":"https:\/\/townportal.ro\/carti\/wp-json\/wp\/v2\/users\/26"}],"replies":[{"embeddable":true,"href":"https:\/\/townportal.ro\/carti\/wp-json\/wp\/v2\/comments?post=7308"}],"version-history":[{"count":0,"href":"https:\/\/townportal.ro\/carti\/wp-json\/wp\/v2\/posts\/7308\/revisions"}],"wp:attachment":[{"href":"https:\/\/townportal.ro\/carti\/wp-json\/wp\/v2\/media?parent=7308"}],"wp:term":[{"taxonomy":"category","embeddable":true,"href":"https:\/\/townportal.ro\/carti\/wp-json\/wp\/v2\/categories?post=7308"},{"taxonomy":"post_tag","embeddable":true,"href":"https:\/\/townportal.ro\/carti\/wp-json\/wp\/v2\/tags?post=7308"}],"curies":[{"name":"wp","href":"https:\/\/api.w.org\/{rel}","templated":true}]}}