{"id":7106,"date":"2013-02-13T22:44:58","date_gmt":"2013-02-13T20:44:58","guid":{"rendered":"http:\/\/www.agentiadecarte.ro\/?p=49382"},"modified":"2013-02-13T22:44:58","modified_gmt":"2013-02-13T20:44:58","slug":"expozitie-de-masti-semnate-dr-luchit","status":"publish","type":"post","link":"https:\/\/townportal.ro\/carti\/stiri\/expozitie-de-masti-semnate-dr-luchit\/","title":{"rendered":"Expozi\u021bie de m\u0103\u0219ti semnate dr. Luchi\u021b"},"content":{"rendered":"<p><strong><a href=\"http:\/\/www.agentiadecarte.ro\/wp-content\/uploads\/2013\/02\/flier-A6.jpg\"><img loading=\"lazy\" class=\"alignleft size-medium wp-image-49383\" title=\"masti\" src=\"http:\/\/www.agentiadecarte.ro\/wp-content\/uploads\/2013\/02\/flier-A6-212x300.jpg\" alt=\"\" width=\"212\" height=\"300\" \/><\/a>Luni, 18 februarie 2013, de la ora 17.00, la Bijuteria Gi-Bi din str. Vasile Alecsandri Nr. 8, Timi\u0219oara, va avea loc vernisajul expozi<\/strong><strong>\u0163iei de m\u0103\u015fti semnate dr. Luchi\u0163. Evenimentul va fi prezentat de prof. dr. \u00een arte vizuale Gabriel Kelemen. Expozi\u0163ia este deschis\u0103 de luni p\u00e2n\u0103 vineri \u00eentre orele 9.00 \u015fi 17.00. Aceast\u0103 expozi\u0163ie se inscrie \u00een cadrul ini\u0163itivei Asocia\u0163iei Pia\u0163a Unirii ce propune \u00een luna februarie o serie de evenimente numite generic \u201ePia\u0163a Unirii \u00een carnaval\u201d.<\/strong><\/p>\n<p>\u201eMasca \u00eenseamn\u0103 aceast\u0103 stratigram\u0103 psihologic\u0103 care \u0163ine de mimica dialogului, o oglind\u0103 pe care o oferim interlocutorului, \u00a0iar Luchi\u0163 are o mie de maniere de dialog.\u201d &#8211; prof. dr. \u00een arte vizuale <strong>Gabriel Kelemen<\/strong><\/p>\n<p>Vor fi prezentate piese din bogata colec\u0163ie a autorului. Vizitatorii vor putea admira obiecte unicat, m\u0103\u015fti ceramice realizate pe o tematic\u0103 foarte divers\u0103.<\/p>\n<p><strong>Ambulan\u0163a Cultural\u0103<\/strong> va captura evenimentul de la \u00een\u0103l\u0163ime.<\/p>\n<p>vizualizari: 40<\/p>\n","protected":false},"excerpt":{"rendered":"<p>Luni, 18 februarie 2013, de la ora 17.00, la Bijuteria Gi-Bi din str. Vasile Alecsandri Nr. 8, Timi\u0219oara, va avea loc vernisajul expozi\u0163iei de m\u0103\u015fti semnate dr. Luchi\u0163. Evenimentul va fi prezentat de prof. dr. \u00een arte vizuale Gabriel Kelemen. Expozi\u0163ia este deschis\u0103 de luni p\u00e2n\u0103 vineri \u00eentre orele 9.00 \u015fi 17.00. Aceast\u0103 expozi\u0163ie se inscrie \u00een cadrul ini\u0163itivei Asocia\u0163iei Pia\u0163a Unirii ce propune \u00een luna februarie o serie de evenimente numite generic \u201ePia\u0163a Unirii \u00een carnaval\u201d.<\/p>\n","protected":false},"author":26,"featured_media":0,"comment_status":"closed","ping_status":"closed","sticky":false,"template":"","format":"standard","meta":[],"categories":[897],"tags":[2233],"_links":{"self":[{"href":"https:\/\/townportal.ro\/carti\/wp-json\/wp\/v2\/posts\/7106"}],"collection":[{"href":"https:\/\/townportal.ro\/carti\/wp-json\/wp\/v2\/posts"}],"about":[{"href":"https:\/\/townportal.ro\/carti\/wp-json\/wp\/v2\/types\/post"}],"author":[{"embeddable":true,"href":"https:\/\/townportal.ro\/carti\/wp-json\/wp\/v2\/users\/26"}],"replies":[{"embeddable":true,"href":"https:\/\/townportal.ro\/carti\/wp-json\/wp\/v2\/comments?post=7106"}],"version-history":[{"count":0,"href":"https:\/\/townportal.ro\/carti\/wp-json\/wp\/v2\/posts\/7106\/revisions"}],"wp:attachment":[{"href":"https:\/\/townportal.ro\/carti\/wp-json\/wp\/v2\/media?parent=7106"}],"wp:term":[{"taxonomy":"category","embeddable":true,"href":"https:\/\/townportal.ro\/carti\/wp-json\/wp\/v2\/categories?post=7106"},{"taxonomy":"post_tag","embeddable":true,"href":"https:\/\/townportal.ro\/carti\/wp-json\/wp\/v2\/tags?post=7106"}],"curies":[{"name":"wp","href":"https:\/\/api.w.org\/{rel}","templated":true}]}}