{"id":6990,"date":"2013-01-09T18:10:31","date_gmt":"2013-01-09T16:10:31","guid":{"rendered":"http:\/\/www.agentiadecarte.ro\/?p=47959"},"modified":"2013-01-09T18:10:31","modified_gmt":"2013-01-09T16:10:31","slug":"geneze-monica-lovinescu-est-etica-de-angela-furtuna","status":"publish","type":"post","link":"https:\/\/townportal.ro\/carti\/stiri\/geneze-monica-lovinescu-est-etica-de-angela-furtuna\/","title":{"rendered":"\u201cGeneze. Monica Lovinescu. Est-etica\u201d de Angela Furtun\u0103"},"content":{"rendered":"<div><strong><a href=\"http:\/\/www.agentiadecarte.ro\/wp-content\/uploads\/2013\/01\/coperta-Angela-Furtuna-Monica-Lovinescu-Est-etica-Ed-Vinea-2012.jpg\"><img loading=\"lazy\" class=\"alignleft size-medium wp-image-47960\" title=\"coperta Angela Furtuna Monica Lovinescu Est etica Ed Vinea 2012\" src=\"http:\/\/www.agentiadecarte.ro\/wp-content\/uploads\/2013\/01\/coperta-Angela-Furtuna-Monica-Lovinescu-Est-etica-Ed-Vinea-2012-225x300.jpg\" alt=\"\" width=\"225\" height=\"300\" \/><\/a>De cur\u00e2nd, sub egida Bibliotecii Bucovinei, la\u00a0Editura Vinea, Bucure\u0219ti, a\u00a0ap\u0103rut\u00a0\u00a0volumul &#8220;Geneze. Monica Lovinescu. Est-etica&#8221;,\u00a0semnat de\u00a0Angela Furtun\u0103. <\/strong><\/p>\n<p>&#8220;Prin aceast\u0103 cercetare se continu\u0103 munca de recuperare a marii opere literare, publicistice, filosofice \u015fi etice a scriitoarei \u015fi disidentei anticomuniste Monica Lovinescu, demarat\u0103 la Biblioteca Bucovinei de c\u00e2tre scriitoarea Angela Furturn\u0103 acum c\u00e2\u0163iva ani prin programul anual\u00a0Zilele Monica Lovinescu\u00a0\u015fi prin decernarea Premiului Na\u0163ional &#8220;Monica Lovinescu \u015fi Virgil Ierunca&#8221;; biblioteca ofer\u0103 astfel contemporanilor, pe l\u00e2ng\u0103 serviciile clasice, modernizate \u015fi programele culturale, \u015fi un vast capitol de cercetare, cultur\u0103 \u015fi g\u00e2ndire rom\u00e2neasc\u0103.<\/p>\n<p>\u00cen 2008, dup\u0103 ce s-a stins la Paris, Monica Lovinescu a fost adus\u0103 \u00een cripta marelui critic E. Lovinescu de la Cimitirul T\u00e2mpe\u015fti-Gr\u0103dini din F\u0103lticeni, unde repauzeaz\u0103 pentru eternitate un \u00eentreg filon de civiliza\u0163ie rom\u00e2neasc\u0103 format din mari scriitori, c\u0103rturari \u015fi filosofi: E. Lovinescu, Monica Lovinescu, Virgil Ierunca, Vasile Lovinescu, Ecaterina B\u0103l\u0103cioiu, Horia Lovinescu \u015fi al\u0163ii.&#8221; (editorii)<\/p>\n<\/div>\n<div>\n<p>Profesorul\u00a0<strong>Dennis Deletant<\/strong> de la Universitatea din Georgetown subliniaz\u0103 c\u0103 studiul are o &#8220;valoare stilistic\u0103 excep\u021bional\u0103&#8221; \u0219i semnaleaz\u0103 &#8220;importan\u021ba spiritului individual de responsabilitate, o responsabilitate asumat\u0103 f\u0103r\u0103 nicio concesie de Monica Lovinescu&#8221;.<\/div>\n<div><\/div>\n<div>Criticul\u00a0<strong>Gheorghe Grigurcu<\/strong> aduce \u00een discu\u021bie\u00a0actualitatea\u00a0acestei &#8220;admirabile cercet\u0103ri&#8221; \u00een vremuri ce au din nou nevoie de etica memoriei: &#8220;Monica Lovinescu: o figur\u0103 central\u0103 nu doar a literelor ci \u015fi a istoriei noastre contemporane. Marea doamn\u0103 a\u00a0<em>Europei libere<\/em> ne-a insuflat speran\u0163a \u00een anii grei \u00een care nu o dat\u0103 \u00eenclinam spre dezn\u0103dejde \u015fi n-a ezitat a da glas dezam\u0103girii pentru tot ce e at\u00e2t de par\u0163ial, distorsionat \u00een perioada postdecembrist\u0103. A\u015fa \u00eenc\u00e2t azi intransigen\u0163a s\u0103 f\u0103r\u0103 cusur are o acut\u0103 actualitate. O sim\u0163im pe Monica Lovinescu al\u0103turi \u00een \u00eenfruntarea cu neajunsurile grave ale ob\u015ftii noastre \u00eenc\u0103 departe de-a se fi deta\u015fat complet de mentalitatea \u015fi personajele nop\u0163ii totalitare. \u00cen numele nostru, al tuturor celor ce-i purt\u0103m Monic\u0103i Lovinescu un sim\u0163\u0103m\u00e2nt de gratitudine, Angela Furtun\u0103 \u00eei consacr\u0103, iat\u0103, o admirabil\u0103 cercetare&#8221;<strong>.<\/p>\n<p><\/strong>Profesorul<strong> Vladimir Tism\u0103neanu,<\/strong>de la Universitatea din Maryland:<br \/>\n&#8220;Scriind aceast\u0103 at\u00e2t de necesar\u0103, original\u0103 \u015fi superb documentat\u0103\u00a0carte, poeta \u015fi eseista Angela Furtun\u0103 a\u00a0f\u0103cut un lucru extraordinar \u015fi merit\u0103 recuno\u015ftin\u0163a tuturor celor c\u0103rora nu le este indiferent\u0103 soarta libert\u0103\u0163ii \u00een Rom\u00e2nia \u015fi nu doar acolo. Gra\u0163ie c\u0103r\u0163ii ei, scris\u0103 cu devo\u0163iune intelectual\u0103 \u015fi pasiune moral\u0103, Monica Lovinescu, fiica acelei\u00a0Bucovine\u00a0care simbolizeaz\u0103 tradi\u0163ia\u00a0democratic\u0103 a Europei Centrale, g\u00e2nditoarea care a propus tabla de valori a est-eticii, este readus\u0103 printre noi, ca prezen\u0163a vie, ca voce a unei umanit\u0103\u0163i agresate, ofensate, dar care refuz\u0103 s\u0103 capituleze \u015fi s\u0103\u00a0consimt\u0103 prin t\u0103cere&#8221;.<strong><br \/>\n<\/strong><strong>Academician Basarab Nicolescu<\/strong>(Paris \u015fi Cluj), remarc\u0103 necesitatea\u00a0unei pedagogii a memoriei, pentru evitarea derapajelor totalitare c\u0103rora li s-a opus, \u00een anii dictaturii, \u0219i<strong>Monica Lovinescu.<\/strong> Actualitatea ei nu a disp\u0103rut, dimpotriv\u0103: &#8220;\u00cen exil, Monica Lovinescu \u015fi Virgil Ierunca ne \u00eenc\u0103lzeau sufletele, prin speran\u0163a pe care ei o reprezentau, prin for\u0163a redutabil\u0103 a vorbelor transmise pe calea undelor, spre o Rom\u00e2nie care ni se p\u0103rea, multora dintre noi, mai inaccesibil\u0103 dec\u00e2t o \u00eendep\u0103rtat\u0103 galaxie&#8221;.<\/div>\n<p>vizualizari: 22<\/p>\n","protected":false},"excerpt":{"rendered":"<p>&#8220;Scriind aceast\u0103 at\u00e2t de necesar\u0103, original\u0103 \u015fi superb documentat\u0103 carte, poeta \u015fi eseista Angela Furtun\u0103 a f\u0103cut un lucru extraordinar \u015fi merit\u0103 recuno\u015ftin\u0163a tuturor celor c\u0103rora nu le este indiferent\u0103 soarta libert\u0103\u0163ii \u00een Rom\u00e2nia \u015fi nu doar acolo. Gra\u0163ie c\u0103r\u0163ii ei, scris\u0103 cu devo\u0163iune intelectual\u0103 \u015fi pasiune moral\u0103, Monica Lovinescu, fiica acelei Bucovine care simbolizeaz\u0103 tradi\u0163ia democratic\u0103 a Europei Centrale, g\u00e2nditoarea care a propus tabla de valori a est-eticii, este readus\u0103 printre noi, ca prezen\u0163a vie, ca voce a unei umanit\u0103\u0163i agresate, ofensate, dar care refuz\u0103 s\u0103 capituleze \u015fi s\u0103 consimt\u0103 prin t\u0103cere&#8221;. (Vladimir Tism\u0103neanu)<\/p>\n","protected":false},"author":26,"featured_media":0,"comment_status":"closed","ping_status":"closed","sticky":false,"template":"","format":"standard","meta":[],"categories":[897],"tags":[2233],"_links":{"self":[{"href":"https:\/\/townportal.ro\/carti\/wp-json\/wp\/v2\/posts\/6990"}],"collection":[{"href":"https:\/\/townportal.ro\/carti\/wp-json\/wp\/v2\/posts"}],"about":[{"href":"https:\/\/townportal.ro\/carti\/wp-json\/wp\/v2\/types\/post"}],"author":[{"embeddable":true,"href":"https:\/\/townportal.ro\/carti\/wp-json\/wp\/v2\/users\/26"}],"replies":[{"embeddable":true,"href":"https:\/\/townportal.ro\/carti\/wp-json\/wp\/v2\/comments?post=6990"}],"version-history":[{"count":0,"href":"https:\/\/townportal.ro\/carti\/wp-json\/wp\/v2\/posts\/6990\/revisions"}],"wp:attachment":[{"href":"https:\/\/townportal.ro\/carti\/wp-json\/wp\/v2\/media?parent=6990"}],"wp:term":[{"taxonomy":"category","embeddable":true,"href":"https:\/\/townportal.ro\/carti\/wp-json\/wp\/v2\/categories?post=6990"},{"taxonomy":"post_tag","embeddable":true,"href":"https:\/\/townportal.ro\/carti\/wp-json\/wp\/v2\/tags?post=6990"}],"curies":[{"name":"wp","href":"https:\/\/api.w.org\/{rel}","templated":true}]}}