{"id":6988,"date":"2013-01-09T18:35:27","date_gmt":"2013-01-09T16:35:27","guid":{"rendered":"http:\/\/www.agentiadecarte.ro\/?p=47971"},"modified":"2013-01-09T18:35:27","modified_gmt":"2013-01-09T16:35:27","slug":"cronicile-genocidului-de-radu-aldulescu","status":"publish","type":"post","link":"https:\/\/townportal.ro\/carti\/stiri\/cronicile-genocidului-de-radu-aldulescu\/","title":{"rendered":"\u201cCronicile genocidului\u201d de Radu Aldulescu"},"content":{"rendered":"<div><strong><a href=\"http:\/\/www.agentiadecarte.ro\/wp-content\/uploads\/2013\/01\/dezvaluiri_din_cronicile_genocidului_de_radu_aldulescu_la_carturesti_verona.jpg\"><img loading=\"lazy\" class=\"alignleft size-full wp-image-47972\" title=\"dezvaluiri_din_cronicile_genocidului,_de_radu_aldulescu,_la_carturesti_verona\" src=\"http:\/\/www.agentiadecarte.ro\/wp-content\/uploads\/2013\/01\/dezvaluiri_din_cronicile_genocidului_de_radu_aldulescu_la_carturesti_verona.jpg\" alt=\"\" width=\"70\" height=\"98\" \/><\/a>Vineri, 18 ianuarie 2013, \u00a0ora 17.30, la C\u0103rture\u015fti Verona (str. Arthur Verona 13-15) din Bucure\u015fti va avea loc lansarea celui mai nou roman semnat de Radu Aldulescu, &#8220;Cronicile genocidului&#8221;, ap\u0103rut recent \u00een seria pe care Editura Cartea Rom\u00e2neasc\u0103 i-o dedic\u0103 autorului, dar \u015fi \u00een\u00a0edi\u0163ie digital\u0103.\u00a0Vor prezenta: Doina Ioanid, Bianca Bur\u0163a-Cernat, Octavian Soviany si Daniel Cristea-Enache.<\/strong><\/div>\n<div><strong> <\/strong><\/div>\n<p>Robert Diavolul,\u00a0<em>\u00eengerul \u00eenc\u0103lecat<\/em>, se \u00eentoarce \u00een locurile pe care le luase \u00een st\u0103p\u00e2nire \u00een urm\u0103 cu mai bine de 30 de ani. Vremurile s-au schimbat, oamenii \u00ee\u015fi duc traiul mizer de pe o zi pe alta, ap\u0103sa\u0163i de spectrul \u015fomajului \u015fi de credite la b\u0103nci; locul colibelor rudarilor a fost luat de blocuri famelice din beton, debran\u015fate de la ap\u0103 \u015fi c\u0103ldur\u0103. Pe dealuri se \u00eentorc dup\u0103 soare vile luxoase, cu piscine \u015fi terase, cursele burdu\u015fite cu naveti\u015fti se intersecteaz\u0103 cu jeepuri \u015fi limuzine sclipitoare. Nevoit s\u0103 p\u0103r\u0103seasc\u0103 Bucure\u015ftiul \u00eempreun\u0103 cu t\u00e2n\u0103ra sa so\u0163ie \u015fi cu fiul lor, b\u0103rbatul de aproape 60 de ani \u00eencepe o via\u0163\u0103 nou\u0103. \u00centr-un mediu ostil \u015fi corupt, prielnic viciului, Robert, Andreea, Laurian Susanu \u015fi Br\u00e2ndu\u015fa \u2013 un patrulater toxic \u2013 intr\u0103 \u00eentr-un joc diabolic pe via\u0163\u0103 \u015fi pe moarte.\u00a0<em>Cronicile genocidului<\/em> continu\u0103 s\u0103 \u00eenregistreze, spre aducere aminte, pove\u015ftile timpurilor noi, din v\u00e2rtejul c\u0103rora se salveaz\u0103 doar cei puternici.<\/p>\n<p>\u201eComunismul a fost un r\u0103u care a generat un r\u0103u mai mare.\u00a0<em>Cronicile genocidului<\/em> se adun\u0103 \u00een apogeul epocii Iliescu-Constantinescu-B\u0103sescu. \u00cen umbra lor am povestit, ca \u00eentotdeauna, mai ales ce am tr\u0103it. De la tinere\u0163e p\u00e2n\u2019 la b\u0103tr\u00e2ne\u0163e \u015fi totodat\u0103 de la b\u0103tr\u00e2ne\u0163e t\u00e2njind spre tinere\u0163e \u015fi mai departe, revenind \u00een permanen\u0163\u0103 \u00een acest punct terminus \u2013 aici mi-am t\u0103iat inima \u00een buc\u0103\u0163i ca s-o \u00eempart, aici l-am v\u0103zut pe fratele meu \u00een groap\u0103 f\u0103r\u0103 chip \u015fi f\u0103r\u0103 m\u0103rire, aici am \u015fezut \u015fi am pl\u00e2ns etc. Ori de c\u00e2te ori mi-am permis luxul s\u0103 inventez, soarta mi-a scos \u00een cale numaidec\u00e2t \u00eent\u00eempl\u0103rile, lucrurile \u015fi personajele inventate. Un cerc vicios (oare de unde voi \u00eencepe a-mi pl\u00e2nge faptele vie\u0163ii mele celei tic\u0103loase?) pe care vreau s\u0103 cred c\u0103 l-am rupt definitiv\u00e2nd acest roman, supravie\u0163uind experien\u0163ei personale care l-a declan\u015fat, salv\u00e2ndu-mi iar\u0103\u015fi via\u0163a scriind.\u201d\u00a0<strong>(Radu Aldulescu)<\/strong><\/p>\n<p>vizualizari: 40<\/p>\n","protected":false},"excerpt":{"rendered":"<p>Vineri, 18 ianuarie 2013, ora 17.30, la C\u0103rture\u015fti Verona din Bucure\u015fti va avea loc lansarea celui mai nou roman semnat de Radu Aldulescu, &#8220;Cronicile genocidului&#8221;, Editura Cartea Rom\u00e2neasc\u0103. Vor prezenta: Doina Ioanid, Bianca Bur\u0163a-Cernat, Octavian Soviany si Daniel Cristea-Enache.<\/p>\n","protected":false},"author":26,"featured_media":0,"comment_status":"closed","ping_status":"closed","sticky":false,"template":"","format":"standard","meta":[],"categories":[897],"tags":[2233],"_links":{"self":[{"href":"https:\/\/townportal.ro\/carti\/wp-json\/wp\/v2\/posts\/6988"}],"collection":[{"href":"https:\/\/townportal.ro\/carti\/wp-json\/wp\/v2\/posts"}],"about":[{"href":"https:\/\/townportal.ro\/carti\/wp-json\/wp\/v2\/types\/post"}],"author":[{"embeddable":true,"href":"https:\/\/townportal.ro\/carti\/wp-json\/wp\/v2\/users\/26"}],"replies":[{"embeddable":true,"href":"https:\/\/townportal.ro\/carti\/wp-json\/wp\/v2\/comments?post=6988"}],"version-history":[{"count":0,"href":"https:\/\/townportal.ro\/carti\/wp-json\/wp\/v2\/posts\/6988\/revisions"}],"wp:attachment":[{"href":"https:\/\/townportal.ro\/carti\/wp-json\/wp\/v2\/media?parent=6988"}],"wp:term":[{"taxonomy":"category","embeddable":true,"href":"https:\/\/townportal.ro\/carti\/wp-json\/wp\/v2\/categories?post=6988"},{"taxonomy":"post_tag","embeddable":true,"href":"https:\/\/townportal.ro\/carti\/wp-json\/wp\/v2\/tags?post=6988"}],"curies":[{"name":"wp","href":"https:\/\/api.w.org\/{rel}","templated":true}]}}