{"id":6985,"date":"2013-01-09T18:59:18","date_gmt":"2013-01-09T16:59:18","guid":{"rendered":"http:\/\/www.agentiadecarte.ro\/?p=47986"},"modified":"2013-01-09T18:59:18","modified_gmt":"2013-01-09T16:59:18","slug":"eminescu-expozitie-omagiala-de-arta-plastica-si-decorativa-la-biblioteca-nationala","status":"publish","type":"post","link":"https:\/\/townportal.ro\/carti\/stiri\/eminescu-expozitie-omagiala-de-arta-plastica-si-decorativa-la-biblioteca-nationala\/","title":{"rendered":"\u201cEMINESCU\u201d, expozi\u0163ie omagial\u0103 de art\u0103 plastic\u0103 \u015fi decorativ\u0103, la Biblioteca Na\u0163ional\u0103"},"content":{"rendered":"<p><strong><a href=\"http:\/\/www.agentiadecarte.ro\/wp-content\/uploads\/2013\/01\/buletin-CIOPLEA-DORINA.jpg\"><img loading=\"lazy\" class=\"alignleft size-medium wp-image-47987\" title=\"buletin CIOPLEA DORINA\" src=\"http:\/\/www.agentiadecarte.ro\/wp-content\/uploads\/2013\/01\/buletin-CIOPLEA-DORINA-174x300.jpg\" alt=\"\" width=\"174\" height=\"300\" \/><\/a>\u00cen perioada 15 ianuarie \u2013 31 ianuarie 2013, Biblioteca Na\u0163ional\u0103 a Rom\u00e2niei g\u0103zduie\u015fte expozi\u0163ia omagial\u0103 de art\u0103 plastic\u0103 \u015fi decorativ\u0103, \u201cEMINESCU\u201d. Institu\u0163ii organizatoare: Universitatea Na\u0163ional\u0103 de Arte Bucure\u015fti \u015fi Biblioteca Na\u0163ional\u0103 a Rom\u00e2niei. Curator\/organizator: Daniela FRUMU\u015eEANU. Vernisajul va avea loc mar\u0163i, 15 ianuarie 2013, ora 17:00, la Biblioteca Na\u0163ional\u0103 a Rom\u00e2niei, Sala Palimpsest \u2013<\/strong><strong>Mezanin (B-dul Unirii nr. 22, sector 3, Bucure\u015fti)<\/strong>. <strong>Prezint\u0103: Mihaela VARGA, critic de art\u0103. Cu ocazia vernisajului va avea loc un program de lieduri din repertoriul rom\u00e2nesc sus\u0163inut de Simona \u00a0CODREANU (pianist) \u015fi Mihaela Roxana ZAVODNIK (sopran\u0103). Interpreteaz\u0103 versuri din crea\u0163ia eminescian\u0103: Axel MOUSTACHE, actor. <strong>Agen\u0163ia de carte.ro este partener media al evenimentului.<\/strong><\/strong><\/p>\n<p><strong> <\/strong><\/p>\n<p><strong> <\/strong><\/p>\n<p><strong> <\/strong><\/p>\n<p>Participan\u0163i<strong>: <\/strong>Rodica AILINC\u0102I, Vlad BASARAB, Marcel BUNEA, Daniela CONSTANTIN, Vioara DINU POPESCU, \u015eerbana DR\u0102GOESCU, Suzana F\u00c2NT\u00c2NARIU, C\u0103t\u0103lina FLORESCU, Daniela FRUMU\u015eEANU, Miruna HA\u015eEGAN,\u00a0Anca Alexandra HIGIU, Georgeta HLIHOR, Alexandra Andreea IONA\u015eCU,\u00a0Andreea Gabriela IONESCU, Constantin Ovidiu IONESCU, Carmen IORDACHE,\u00a0Ileana Dana MARINESCU, Alexandru Ioan M\u0102RGINEAN, Lucian MUNTEAN,\u00a0Alexandra NEAC\u015eU, Lisandru NEAM\u0162U, Vasile Pop NEGRE\u015eTEANU,\u00a0Cristina Gloria OPRI\u015eA, Leti\u0163ia OPRI\u015eAN, Ioana Liana POPA, Adriana POPA CANIJA, Cristiana Maria PURDESCU, Marin R\u0102DUCU, Doina REGHI\u015e IONESCU,\u00a0Ana Maria RUGESCU, Adina SZTRHARSZKY, Valeriu \u015eU\u015eNEA, Alina VOD\u0102.<\/p>\n<p><strong> <\/strong><\/p>\n<p><strong> <\/strong><\/p>\n<p><strong> <\/strong><\/p>\n<p>vizualizari: 20<\/p>\n","protected":false},"excerpt":{"rendered":"<p>\u00cen perioada 15 ianuarie \u2013 31 ianuarie 2013, Biblioteca Na\u0163ional\u0103 a Rom\u00e2niei g\u0103zduie\u015fte expozi\u0163ia omagial\u0103 de art\u0103 plastic\u0103 \u015fi decorativ\u0103, \u201cEMINESCU\u201d. Institu\u0163ii organizatoare: Universitatea Na\u0163ional\u0103 de Arte Bucure\u015fti \u015fi Biblioteca Na\u0163ional\u0103 a Rom\u00e2niei. Curator\/organizator: Daniela FRUMU\u015eEANU. Vernisajul va avea loc mar\u0163i, 15 ianuarie 2013, ora 17:00, la Biblioteca Na\u0163ional\u0103 a Rom\u00e2niei, Sala Palimpsest \u2013Mezanin (B-dul Unirii nr. 22, sector 3, Bucure\u015fti). Prezint\u0103: Mihaela VARGA, critic de art\u0103. Cu ocazia vernisajului va avea loc un program de lieduri din repertoriul rom\u00e2nesc sus\u0163inut de Simona  CODREANU (pianist) \u015fi Mihaela Roxana ZAVODNIK (sopran\u0103). Interpreteaz\u0103 versuri din crea\u0163ia eminescian\u0103: Axel MOUSTACHE, actor. Agen\u0163ia de carte.ro este partener media al evenimentului.<\/p>\n","protected":false},"author":26,"featured_media":0,"comment_status":"closed","ping_status":"closed","sticky":false,"template":"","format":"standard","meta":[],"categories":[897],"tags":[1848,2233],"_links":{"self":[{"href":"https:\/\/townportal.ro\/carti\/wp-json\/wp\/v2\/posts\/6985"}],"collection":[{"href":"https:\/\/townportal.ro\/carti\/wp-json\/wp\/v2\/posts"}],"about":[{"href":"https:\/\/townportal.ro\/carti\/wp-json\/wp\/v2\/types\/post"}],"author":[{"embeddable":true,"href":"https:\/\/townportal.ro\/carti\/wp-json\/wp\/v2\/users\/26"}],"replies":[{"embeddable":true,"href":"https:\/\/townportal.ro\/carti\/wp-json\/wp\/v2\/comments?post=6985"}],"version-history":[{"count":0,"href":"https:\/\/townportal.ro\/carti\/wp-json\/wp\/v2\/posts\/6985\/revisions"}],"wp:attachment":[{"href":"https:\/\/townportal.ro\/carti\/wp-json\/wp\/v2\/media?parent=6985"}],"wp:term":[{"taxonomy":"category","embeddable":true,"href":"https:\/\/townportal.ro\/carti\/wp-json\/wp\/v2\/categories?post=6985"},{"taxonomy":"post_tag","embeddable":true,"href":"https:\/\/townportal.ro\/carti\/wp-json\/wp\/v2\/tags?post=6985"}],"curies":[{"name":"wp","href":"https:\/\/api.w.org\/{rel}","templated":true}]}}