{"id":5771,"date":"2012-06-25T19:31:22","date_gmt":"2012-06-25T17:31:22","guid":{"rendered":"http:\/\/www.agentiadecarte.ro\/?p=40568"},"modified":"2012-06-25T19:31:22","modified_gmt":"2012-06-25T17:31:22","slug":"lobby-pentru-nicolau-depolitizati-tvr","status":"publish","type":"post","link":"https:\/\/townportal.ro\/carti\/stiri\/lobby-pentru-nicolau-depolitizati-tvr\/","title":{"rendered":"\u201cLobby pentru Nicolau: Depolitiza\u0163i TVR!\u201d"},"content":{"rendered":"<p><strong><span style=\"color: #000000;\"><span style=\"font-family: 'Times New Roman', serif;\"><span style=\"font-size: medium;\"><a href=\"http:\/\/www.agentiadecarte.ro\/wp-content\/uploads\/2012\/06\/valentin-nicolau.220x160x1resized.260x500x0resized.260x500x0resized.jpg\"><img loading=\"lazy\" class=\"alignleft size-full wp-image-40569\" title=\"valentin nicolau\" src=\"http:\/\/www.agentiadecarte.ro\/wp-content\/uploads\/2012\/06\/valentin-nicolau.220x160x1resized.260x500x0resized.260x500x0resized.jpg\" alt=\"\" width=\"260\" height=\"189\" \/><\/a>Regizorul <\/span><\/span><\/span><span style=\"color: #000000;\"><span style=\"font-family: 'Times New Roman', serif;\"><span style=\"font-size: medium;\">Cornel Mihalache<\/span><\/span><\/span><span style=\"color: #000000;\"><span style=\"font-family: 'Times New Roman', serif;\"><span style=\"font-size: medium;\"> <\/span><\/span><\/span><span style=\"color: #000000;\"><span style=\"font-family: 'Times New Roman', serif;\"><span style=\"font-size: medium;\">a trimis o scrisoare deschis<\/span><\/span><\/span><span style=\"color: #000000;\"><span style=\"font-family: 'Times New Roman', serif;\"><span style=\"font-size: medium;\">\u0103 adresat\u0103 clasei politice din Rom\u00e2nia prin care solicit\u0103 depolitizarea Televiziunii Rom\u00e2ne, prin numirea \u00een func\u0163iae de pre\u015fedinte al acestei institu\u0163ii pe Valentin Nicolau. Red\u0103m scrisoarea deschis\u0103, publicat\u0103 la pagina web<\/span><\/span><\/span><span style=\"color: #000000;\"><span style=\"font-family: 'Times New Roman', serif;\"><span style=\"font-size: medium;\">: <a href=\"http:\/\/www.corectnews.com\/social\/lobby-pentru-nicolau-depolitizati-tvr\">http:\/\/www.corectnews.com\/social\/lobby-pentru-nicolau-depolitizati-tvr<\/a><\/span><\/span><\/span><\/strong><\/p>\n<p><span style=\"color: #000000;\">\u201c<span style=\"font-family: 'Times New Roman', serif;\"><span style=\"font-size: medium;\">Scrisoare deschis\u0103<\/span><\/span><\/span><\/p>\n<p><span style=\"color: #000000;\"><span style=\"font-family: 'Times New Roman', serif;\"><span style=\"font-size: medium;\">Onorabilei clase politice din Rom\u00e2nia<\/span><\/span><\/span><\/p>\n<p><span style=\"color: #000000;\"><span style=\"font-family: 'Times New Roman', serif;\"><span style=\"font-size: medium;\">Iunie 2012, de S\u00e2nziene<\/span><\/span><\/span><\/p>\n<p><span style=\"color: #000000;\"><span style=\"font-family: 'Times New Roman', serif;\"><span style=\"font-size: medium;\">\u00cen acest ceas \u00een care v\u0103 \u00eencorda\u0163i for\u0163ele pentru a numi un nou Consiliu de Administra\u0163ie pentru institu\u0163ia noastr\u0103, dup\u0103 o lege veche \u015fi dup\u0103 o r\u00e2nduial\u0103 precar\u0103 a unui Parlament \u00een continu\u0103 mi\u015fcare de du-te-vino, \u00een care st\u00e2nga-dreapta, sus-jos, alb-negru, bine-r\u0103u au devenit no\u0163iuni aleatorii, v\u0103 solicit\u0103m un minut de aten\u0163ie.<\/span><\/span><\/span><\/p>\n<p><span style=\"color: #000000;\"><span style=\"font-family: 'Times New Roman', serif;\"><span style=\"font-size: medium;\">Noi am f\u0103cut primul pas. Noi am ales. Noi am reu\u015fit un vot clar, f\u0103r\u0103 dubii electorale. Noi am ales pe cine s\u0103 ne reprezinte. Voi ve\u0163i numi ast\u0103zi pe cine s\u0103 v\u0103 reprezinte. Voi vorbi\u0163i de depolitizarea Televiziunii publice. Ave\u0163i ocazia s\u0103 demonstra\u0163i asta. V\u0103 pute\u0163i numi valorile pe locurile din acest nou Consiliu astfel \u00eenc\u00e2t cel care \u00eel \u015fi ne va conduce s\u0103 fie dintre cei doi pe care noi, \u00eentr-un efort de coagulare, i-am votat.<\/span><\/span><\/span><\/p>\n<p><span style=\"color: #000000;\"><span style=\"font-family: 'Times New Roman', serif;\"><span style=\"font-size: medium;\">Noi a\u015fa credem, c\u0103 votul nostru a fost o coagulare de m\u00e2ndrie, o reac\u0163ie de respingere a atacurilor pe fa\u0163\u0103 sau pe dedesubt asupra institu\u0163iei Televiziunii publice. Noi am avut un manager care a condus bine \u015fi l-am vrut \u00eenapoi. \u015ei l-am votat cu un scor f\u0103r\u0103 precedent.<\/span><\/span><\/span><\/p>\n<p><span style=\"color: #000000;\"><span style=\"font-family: 'Times New Roman', serif;\"><span style=\"font-size: medium;\">\u015ei am f\u0103cut asta nu din disperare, nu din team\u0103, ci din dorin\u0163a de a munci, de a ne reconsidera pe noi \u00een oglinda noastr\u0103, de a reconstrui ce \u00eencropiri politice au distrus.<\/span><\/span><\/span><\/p>\n<p><span style=\"color: #000000;\"><span style=\"font-family: 'Times New Roman', serif;\"><span style=\"font-size: medium;\">Noi suntem oglinda societ\u0103\u0163ii. Noi suntem Rom\u00e2nia \u00een mic. Tot ce se \u00eent\u00e2mpl\u0103 \u00eentre voi, cei care conduce\u0163i Rom\u00e2nia mare (vorba vine, c\u0103 o fragmenta\u0163i zilnic, lent, dar cu s\u00e2rguin\u0163\u0103), toate cutremurele dintre voi nasc tsunami-uri care lovesc \u00een turnul nostru de televiziune. Se desfiin\u0163eaz\u0103 \u015fi se re\u00eenfiin\u0163eaz\u0103 guverne, se clatin\u0103 pre\u015fedin\u0163ii, parlamentarii fug c\u0103ut\u00e2nd ad\u0103post. Ideologii contrare devin posibile, ideologii de intenden\u0163\u0103 dispar, cumetriile r\u0103m\u00e2n.<\/span><\/span><\/span><\/p>\n<p><span style=\"color: #000000;\"><span style=\"font-family: 'Times New Roman', serif;\"><span style=\"font-size: medium;\">\u00centr-o societate \u00een care au ajuns to\u0163<\/span><\/span><\/span><span style=\"font-size: large; font-family: 'Times New Roman', serif;\">i s\u0103 dea cu pietre \u00een to\u0163i, fiecare \u00een cel\u0103lalt, e absurd s\u0103 mai \u00eentrebi cine ridic\u0103 primul piatra. De aia considera\u0163i Televiziunea o curv\u0103.<\/span><\/p>\n<p><span style=\"color: #000000;\"><span style=\"font-family: 'Times New Roman', serif;\"><span style=\"font-size: medium;\">Noi vrem s\u0103 muncim pentru societate \u015fi voi vre\u0163i s\u0103 ne desfiin\u0163a\u0163i. Voi \u015fti\u0163i \u00eentotdeauna mai bine ce vrea aceast\u0103 societate rom\u00e2neasc\u0103. Voi, care a\u0163i compromis p\u00e2n\u0103 \u015fi culorile, \u015fi portocaliul, \u015fi ro\u015ful, \u015fi verdele, \u015fi albastrul, \u015fi violetul. Voi, care vre\u0163i de fiecare dat\u0103 c\u00e2nd veni\u0163i la putere o societate monocolor\u0103, cu ochelari monocolori pe nas. \u015ei ne colora\u0163i \u00eent\u00e2i pe noi, Televiziunea public\u0103. Ne\u00een\u0163<\/span><\/span><\/span><span style=\"font-size: large; font-family: 'Times New Roman', serif;\">eleg\u00e2nd c\u0103 nu se poate tr\u0103i dec\u00e2t \u00een complementaritate, c\u0103 ro\u015ful nu e ro\u015fu dac\u0103 nu exist\u0103 verde. C\u0103 portocaliul nu tr\u0103ie\u015fte dac\u0103 nu exist\u0103 albastru. Noi vrem lumin\u0103, \u015fi voi ne ar\u0103ta\u0163i \u00eentunericul.<\/span><\/p>\n<p><span style=\"color: #000000;\"><span style=\"font-family: 'Times New Roman', serif;\"><span style=\"font-size: medium;\">Noi vrem ca \u00een fruntea valorilor voastre, numite de Voi \u00een locurile dispuse de lege, s\u0103 fie ce credem noi acum c\u0103 ne trebuie \u015fi l-am votat: un manager. Pe deasupra \u015fi artist. Pe deasupra \u015fi om care cunoa\u015fte aceast\u0103 institu\u0163ie: Televiziunea public\u0103. Ave\u0163i ocazia s\u0103 \u00eencepe\u0163i depolitizarea. Pune\u0163i-v\u0103 oamenii numi\u0163i s\u0103-l voteze Pre\u015fedinte Director General \u00een Consiliul de Administra\u0163ie al Televiziunii publice pe cel pe care noi l-am ales: Valentin Nicolau.<\/span><\/span><\/span><\/p>\n<p><span style=\"color: #000000;\"><span style=\"font-family: 'Times New Roman', serif;\"><span style=\"font-size: medium;\"><strong>Cornel Mihalache<\/strong>, regizor\u201d<\/span><\/span><\/span><\/p>\n<p>vizualizari: 86<\/p>\n","protected":false},"excerpt":{"rendered":"<p>Regizorul Cornel Mihalache a trimis o scrisoare deschis\u0103 adresat\u0103 clasei politice din Rom\u00e2nia prin care solicit\u0103 depolitizarea Televiziunii Rom\u00e2ne, prin numirea \u00een func\u0163iae de pre\u015fedinte al acestei institu\u0163ii pe Valentin Nicolau. Red\u0103m scrisoarea deschis\u0103, publicat\u0103 la pagina web: http:\/\/www.corectnews.com\/social\/lobby-pentru-nicolau-depolitizati-tvr<\/p>\n","protected":false},"author":26,"featured_media":0,"comment_status":"closed","ping_status":"closed","sticky":false,"template":"","format":"standard","meta":[],"categories":[897],"tags":[2233],"_links":{"self":[{"href":"https:\/\/townportal.ro\/carti\/wp-json\/wp\/v2\/posts\/5771"}],"collection":[{"href":"https:\/\/townportal.ro\/carti\/wp-json\/wp\/v2\/posts"}],"about":[{"href":"https:\/\/townportal.ro\/carti\/wp-json\/wp\/v2\/types\/post"}],"author":[{"embeddable":true,"href":"https:\/\/townportal.ro\/carti\/wp-json\/wp\/v2\/users\/26"}],"replies":[{"embeddable":true,"href":"https:\/\/townportal.ro\/carti\/wp-json\/wp\/v2\/comments?post=5771"}],"version-history":[{"count":0,"href":"https:\/\/townportal.ro\/carti\/wp-json\/wp\/v2\/posts\/5771\/revisions"}],"wp:attachment":[{"href":"https:\/\/townportal.ro\/carti\/wp-json\/wp\/v2\/media?parent=5771"}],"wp:term":[{"taxonomy":"category","embeddable":true,"href":"https:\/\/townportal.ro\/carti\/wp-json\/wp\/v2\/categories?post=5771"},{"taxonomy":"post_tag","embeddable":true,"href":"https:\/\/townportal.ro\/carti\/wp-json\/wp\/v2\/tags?post=5771"}],"curies":[{"name":"wp","href":"https:\/\/api.w.org\/{rel}","templated":true}]}}