{"id":5432,"date":"2012-04-11T18:31:06","date_gmt":"2012-04-11T16:31:06","guid":{"rendered":"http:\/\/www.agentiadecarte.ro\/?p=37151"},"modified":"2012-04-11T18:31:06","modified_gmt":"2012-04-11T16:31:06","slug":"%e2%80%9etineretile-lui-daniel-abagiu-de-cezar-paul-badescu","status":"publish","type":"post","link":"https:\/\/townportal.ro\/carti\/stiri\/%e2%80%9etineretile-lui-daniel-abagiu-de-cezar-paul-badescu\/","title":{"rendered":"\u201eTinere\u0163ile lui Daniel Abagiu\u201d de Cezar Paul-B\u0103descu"},"content":{"rendered":"<p><strong><a href=\"http:\/\/www.agentiadecarte.ro\/wp-content\/uploads\/2012\/04\/tineretile-lui-daniel.jpg\"><img loading=\"lazy\" class=\"alignleft size-full wp-image-37152\" title=\"tineretile-lui-daniel\" src=\"http:\/\/www.agentiadecarte.ro\/wp-content\/uploads\/2012\/04\/tineretile-lui-daniel.jpg\" alt=\"\" width=\"100\" height=\"170\" \/><\/a>La Editura Polirom a ap\u0103rut, \u00eentr-o nou\u0103 edi\u0163ie, \u00een colec\u0163ia \u201eTop 10+\u201d, volumul \u201eTinere\u0163ile lui Daniel Abagiu\u201d de Cezar Paul-B\u0103descu. Prefa\u0163at de Mircea C\u0103rt\u0103rescu, romanul este disponibil \u015fi \u00een edi\u0163ie digital\u0103.<\/strong><\/p>\n<p>Daniel Abagiu \u2013 \u00een a c\u0103rui tinere\u0163e, \u00een fond una banal\u0103, ne reg\u0103sim cu to\u0163ii \u2013 devine o figur\u0103 excep\u0163ional\u0103 deoarece este prezentat f\u0103r\u0103 \u201eretu\u015furi\u201c \u015fi f\u0103r\u0103 pic de ipocrizie. Iar cititorului nu-i r\u0103m\u00e2ne dec\u00e2t s\u0103 constate cu uimire c\u0103 normalitatea lui \u00eei provoac\u0103 hohote de r\u00e2s, comp\u0103timiri, dar \u015fi complicit\u0103\u0163i ru\u015finate, care, \u00eentr-un final, \u00eel apropie p\u00e2n\u0103 la grani\u0163a prieteniei de acest personaj.<\/p>\n<p><strong>Cezar Paul-B\u0103descu<\/strong> (n. 7 august 1968) a absolvit Facultatea de Litere a Universit\u0103\u0163ii Bucure\u015fti \u00een 1994. \u00centre 1994 \u015fi 1995 a urmat cursurile de masterat ale aceleia\u015fi facult\u0103\u0163i, la sec\u0163ia \u201eTeoria literaturii \u015fi literatur\u0103 comparat\u0103\u201c. \u00centre 1996 \u015fi 2007 a fost redactor al revistei Dilema, unde ulterior a r\u0103mas colaborator extern, continu\u00e2nd s\u0103 scrie s\u0103pt\u0103m\u00e2nal \u00een rubrica de analiz\u0103 a fenomenului televizual, pe care o \u0163ine din anul 2000. Din 2007 este \u015feful Departamentului Cultur\u0103 al ziarului Adev\u0103rul.<\/p>\n<p>A debutat, cu proz\u0103 scurt\u0103, \u00een volumul colectiv Tablou de familie, Editura Leka-Br\u00eencu\u015f, 1995 (Premiul pentru debut al revistei Tomis \u015fi nominalizare pentru premiile ASPRO) \u015fi a coordonat antologia Cazul Eminescu, Editura Paralela 45, 1999.<\/p>\n<p>De acela\u015fi autor, la Editura Polirom a mai ap\u0103rut romanul Lumini\u0163a, mon amour, \u00een 2006. Tinere\u0163ile lui Daniel Abagiu \u015fi Lumini\u0163a, mon amour au fost traduse \u00een bulgar\u0103 \u015fi au ap\u0103rut la Sofia, \u00eentr-un volum comun, la Editura Paradox, \u00een 2009.<\/p>\n<p>\u00cen anul 2000, Pre\u015fedin\u0163ia Rom\u00e2niei i-a conferit lui Cezar Paul-B\u0103descu medalia \u201eMihai Eminescu\u201d, pentru merite culturale.<\/p>\n<p>vizualizari: 27<\/p>\n","protected":false},"excerpt":{"rendered":"<p>La Editura Polirom a ap\u0103rut, \u00eentr-o nou\u0103 edi\u0163ie, \u00een colec\u0163ia \u201eTop 10+\u201d, volumul \u201eTinere\u0163ile lui Daniel Abagiu\u201d de Cezar Paul-B\u0103descu. Prefa\u0163at de Mircea C\u0103rt\u0103rescu, romanul este disponibil \u015fi \u00een edi\u0163ie digital\u0103.<\/p>\n","protected":false},"author":26,"featured_media":0,"comment_status":"closed","ping_status":"closed","sticky":false,"template":"","format":"standard","meta":[],"categories":[897],"tags":[2233],"_links":{"self":[{"href":"https:\/\/townportal.ro\/carti\/wp-json\/wp\/v2\/posts\/5432"}],"collection":[{"href":"https:\/\/townportal.ro\/carti\/wp-json\/wp\/v2\/posts"}],"about":[{"href":"https:\/\/townportal.ro\/carti\/wp-json\/wp\/v2\/types\/post"}],"author":[{"embeddable":true,"href":"https:\/\/townportal.ro\/carti\/wp-json\/wp\/v2\/users\/26"}],"replies":[{"embeddable":true,"href":"https:\/\/townportal.ro\/carti\/wp-json\/wp\/v2\/comments?post=5432"}],"version-history":[{"count":0,"href":"https:\/\/townportal.ro\/carti\/wp-json\/wp\/v2\/posts\/5432\/revisions"}],"wp:attachment":[{"href":"https:\/\/townportal.ro\/carti\/wp-json\/wp\/v2\/media?parent=5432"}],"wp:term":[{"taxonomy":"category","embeddable":true,"href":"https:\/\/townportal.ro\/carti\/wp-json\/wp\/v2\/categories?post=5432"},{"taxonomy":"post_tag","embeddable":true,"href":"https:\/\/townportal.ro\/carti\/wp-json\/wp\/v2\/tags?post=5432"}],"curies":[{"name":"wp","href":"https:\/\/api.w.org\/{rel}","templated":true}]}}