{"id":3668,"date":"2011-10-05T08:24:22","date_gmt":"2011-10-05T06:24:22","guid":{"rendered":"tag:www.agentiadecarte.ro:\/\/38ed801b8af0573f1ba07129e14ff7a3"},"modified":"2011-10-05T08:24:22","modified_gmt":"2011-10-05T06:24:22","slug":"siteul-bilingv-%e2%80%9cafroditacionchin-ro%e2%80%9d-propune-comunitatea-romaneasca-din-italia-intre-realitate-si-utopie","status":"publish","type":"post","link":"https:\/\/townportal.ro\/carti\/stiri\/siteul-bilingv-%e2%80%9cafroditacionchin-ro%e2%80%9d-propune-comunitatea-romaneasca-din-italia-intre-realitate-si-utopie\/","title":{"rendered":"Siteul bilingv \u201cafroditacionchin.ro\u201d propune: Comunitatea rom\u00e2neasc\u0103 din Italia \u00eentre realitate \u015fi utopie"},"content":{"rendered":"<p>\u00cen luna octombrie 2011, siteul bilingv \u201cafroditacionchin.ro\u201d propune noi \u201eOrizonturi culturale italo-rom\u00e2ne\u201d. Dintre articolele sale men\u0163ion\u0103m: \u201eComunitatea rom\u00e2n\u0103 din Italia este \u00een prezent doar o no\u0163iune\u201d de Ioan Aurel-Pop, \u201eMaestrul \u015fi Memoria\u201d. \u00cen amintirea lui Marin Mincu de Giovanni Rotiroti, Renato Palazzi despre Tadeusz Kantor\/2. Traducere inedit\u0103, versuri de Andrei Zanca &#8211; \u201eDrumul spre sine nu se las\u0103 scurtat\u201d. \u00cen versiunea italian\u0103 pute\u0163i citi: Poesia: George Bacovia a 130 anni dalla nascita. Un ritratto di Geo Vasile; Mario Deaglio: Alla stampa italiana importa ben poco della Romania; Riri Sylvia Manor, la poetessa che scrive in romeno e in ebraico; \u201cAbito dune di primitivi affetti\u201d. Versi di Luigi Roscigno.<img loading=\"lazy\" src=\"http:\/\/feeds.feedburner.com\/~r\/AgentiaDeCarte\/~4\/wRyxyix7rTk\" height=\"1\" width=\"1\"\/><\/p>\n","protected":false},"excerpt":{"rendered":"<p>\u00cen luna octombrie 2011, siteul bilingv \u201cafroditacionchin.ro\u201d propune noi \u201eOrizonturi culturale italo-rom\u00e2ne\u201d. Dintre articolele sale men\u0163ion\u0103m: \u201eComunitatea rom\u00e2n\u0103 din Italia este \u00een prezent doar o no\u0163iune\u201d de Ioan Aurel-Pop, \u201eMae&#8230;<\/p>\n","protected":false},"author":26,"featured_media":0,"comment_status":"closed","ping_status":"closed","sticky":false,"template":"","format":"standard","meta":[],"categories":[897],"tags":[2233],"_links":{"self":[{"href":"https:\/\/townportal.ro\/carti\/wp-json\/wp\/v2\/posts\/3668"}],"collection":[{"href":"https:\/\/townportal.ro\/carti\/wp-json\/wp\/v2\/posts"}],"about":[{"href":"https:\/\/townportal.ro\/carti\/wp-json\/wp\/v2\/types\/post"}],"author":[{"embeddable":true,"href":"https:\/\/townportal.ro\/carti\/wp-json\/wp\/v2\/users\/26"}],"replies":[{"embeddable":true,"href":"https:\/\/townportal.ro\/carti\/wp-json\/wp\/v2\/comments?post=3668"}],"version-history":[{"count":0,"href":"https:\/\/townportal.ro\/carti\/wp-json\/wp\/v2\/posts\/3668\/revisions"}],"wp:attachment":[{"href":"https:\/\/townportal.ro\/carti\/wp-json\/wp\/v2\/media?parent=3668"}],"wp:term":[{"taxonomy":"category","embeddable":true,"href":"https:\/\/townportal.ro\/carti\/wp-json\/wp\/v2\/categories?post=3668"},{"taxonomy":"post_tag","embeddable":true,"href":"https:\/\/townportal.ro\/carti\/wp-json\/wp\/v2\/tags?post=3668"}],"curies":[{"name":"wp","href":"https:\/\/api.w.org\/{rel}","templated":true}]}}