{"id":3553,"date":"2011-09-29T03:28:34","date_gmt":"2011-09-29T01:28:34","guid":{"rendered":"tag:www.agentiadecarte.ro:\/\/0b7d67896036acfaf9f867191156ad6b"},"modified":"2011-09-29T03:28:34","modified_gmt":"2011-09-29T01:28:34","slug":"seara-de-lectura-bilingva-la-institutul-francez-din-bucuresti","status":"publish","type":"post","link":"https:\/\/townportal.ro\/carti\/stiri\/seara-de-lectura-bilingva-la-institutul-francez-din-bucuresti\/","title":{"rendered":"Sear\u0103 de lectur\u0103 bilingv\u0103 la Institutul Francez din Bucure\u015fti"},"content":{"rendered":"<p>S\u00e2mb\u0103t\u0103, 1 octombrie 2011, de la ora 20.00, la Institutul Francez din Bucure\u015fti, \u00een cadrul Nop\u0163ii Bibliotecilor, va avea loc seara de lectur\u0103 bilingv\u0103 cu Marius Manole \u015fi Faustine Vega.<img loading=\"lazy\" src=\"http:\/\/feeds.feedburner.com\/~r\/AgentiaDeCarte\/~4\/R5nQUCMUlFo\" height=\"1\" width=\"1\"\/><\/p>\n","protected":false},"excerpt":{"rendered":"<p>S\u00e2mb\u0103t\u0103, 1 octombrie 2011, de la ora 20.00, la Institutul Francez din Bucure\u015fti, \u00een cadrul Nop\u0163ii Bibliotecilor, va avea loc seara de lectur\u0103 bilingv\u0103 cu Marius Manole \u015fi Faustine Vega.<\/p>\n","protected":false},"author":26,"featured_media":0,"comment_status":"closed","ping_status":"closed","sticky":false,"template":"","format":"standard","meta":[],"categories":[897],"tags":[2233],"_links":{"self":[{"href":"https:\/\/townportal.ro\/carti\/wp-json\/wp\/v2\/posts\/3553"}],"collection":[{"href":"https:\/\/townportal.ro\/carti\/wp-json\/wp\/v2\/posts"}],"about":[{"href":"https:\/\/townportal.ro\/carti\/wp-json\/wp\/v2\/types\/post"}],"author":[{"embeddable":true,"href":"https:\/\/townportal.ro\/carti\/wp-json\/wp\/v2\/users\/26"}],"replies":[{"embeddable":true,"href":"https:\/\/townportal.ro\/carti\/wp-json\/wp\/v2\/comments?post=3553"}],"version-history":[{"count":0,"href":"https:\/\/townportal.ro\/carti\/wp-json\/wp\/v2\/posts\/3553\/revisions"}],"wp:attachment":[{"href":"https:\/\/townportal.ro\/carti\/wp-json\/wp\/v2\/media?parent=3553"}],"wp:term":[{"taxonomy":"category","embeddable":true,"href":"https:\/\/townportal.ro\/carti\/wp-json\/wp\/v2\/categories?post=3553"},{"taxonomy":"post_tag","embeddable":true,"href":"https:\/\/townportal.ro\/carti\/wp-json\/wp\/v2\/tags?post=3553"}],"curies":[{"name":"wp","href":"https:\/\/api.w.org\/{rel}","templated":true}]}}