{"id":3525,"date":"2011-09-26T21:16:04","date_gmt":"2011-09-26T19:16:04","guid":{"rendered":"tag:www.agentiadecarte.ro:\/\/d0dc714732fcbc88a7060b2bdb0c8c31"},"modified":"2011-09-26T21:16:04","modified_gmt":"2011-09-26T19:16:04","slug":"actorul-vasile-pupeza-recita-din-mihai-eminescu","status":"publish","type":"post","link":"https:\/\/townportal.ro\/carti\/stiri\/actorul-vasile-pupeza-recita-din-mihai-eminescu\/","title":{"rendered":"Actorul Vasile Pupeza recit\u0103 din Mihai Eminescu"},"content":{"rendered":"<p>Mar\u0163i, 27 septembrie 2011, de la ora 17.00, la Centrul pentru Activit\u0103\u0163i Recreative \u015fi Inovare Ocupa\u0163ional\u0103 din cadrul Prim\u0103riei Sectorului 2, Bucure\u015fti (Str. J.L. Calderon nr.39), va avea loc evenimentul \u201eRecital Mihai Eminescu sus\u0163inut de actorul Vasile Pupeza\u201d. Amfitrion: dr. George Anca. Un eveniment organizat de Prim\u0103ria Sectorului 2 Bucure\u015fti.<img loading=\"lazy\" src=\"http:\/\/feeds.feedburner.com\/~r\/AgentiaDeCarte\/~4\/JyXNYujgxvw\" height=\"1\" width=\"1\"\/><\/p>\n","protected":false},"excerpt":{"rendered":"<p>Mar\u0163i, 27 septembrie 2011, de la ora 17.00, la Centrul pentru Activit\u0103\u0163i Recreative \u015fi Inovare Ocupa\u0163ional\u0103 din cadrul Prim\u0103riei Sectorului 2, Bucure\u015fti (Str. J.L. Calderon nr.39), va avea loc evenimentul \u201eRecital Mihai Eminescu sus\u0163inut de &#8230;<\/p>\n","protected":false},"author":26,"featured_media":0,"comment_status":"closed","ping_status":"closed","sticky":false,"template":"","format":"standard","meta":[],"categories":[897],"tags":[2233],"_links":{"self":[{"href":"https:\/\/townportal.ro\/carti\/wp-json\/wp\/v2\/posts\/3525"}],"collection":[{"href":"https:\/\/townportal.ro\/carti\/wp-json\/wp\/v2\/posts"}],"about":[{"href":"https:\/\/townportal.ro\/carti\/wp-json\/wp\/v2\/types\/post"}],"author":[{"embeddable":true,"href":"https:\/\/townportal.ro\/carti\/wp-json\/wp\/v2\/users\/26"}],"replies":[{"embeddable":true,"href":"https:\/\/townportal.ro\/carti\/wp-json\/wp\/v2\/comments?post=3525"}],"version-history":[{"count":0,"href":"https:\/\/townportal.ro\/carti\/wp-json\/wp\/v2\/posts\/3525\/revisions"}],"wp:attachment":[{"href":"https:\/\/townportal.ro\/carti\/wp-json\/wp\/v2\/media?parent=3525"}],"wp:term":[{"taxonomy":"category","embeddable":true,"href":"https:\/\/townportal.ro\/carti\/wp-json\/wp\/v2\/categories?post=3525"},{"taxonomy":"post_tag","embeddable":true,"href":"https:\/\/townportal.ro\/carti\/wp-json\/wp\/v2\/tags?post=3525"}],"curies":[{"name":"wp","href":"https:\/\/api.w.org\/{rel}","templated":true}]}}