{"id":3522,"date":"2011-09-26T21:16:00","date_gmt":"2011-09-26T19:16:00","guid":{"rendered":"tag:www.agentiadecarte.ro:\/\/f3f92de660b8177b636e69ffa5f8b300"},"modified":"2011-09-26T21:16:00","modified_gmt":"2011-09-26T19:16:00","slug":"%e2%80%9easezat-cuminte-la-marginea-poporului-sau%e2%80%9d","status":"publish","type":"post","link":"https:\/\/townportal.ro\/carti\/stiri\/%e2%80%9easezat-cuminte-la-marginea-poporului-sau%e2%80%9d\/","title":{"rendered":"\u201eA\u015fezat cuminte, la marginea poporului s\u0103u\u201d"},"content":{"rendered":"<p>La Editura Tracus Arte, \u00een colec\u0163ia \u201cPoezie\u201d, a ap\u0103rut volumul  \u201cPoetul, v\u0103rul \u015fi poporul\u201d de Adrian P\u00e2rvu. Scriitorul Traian T. Co\u015fovei a trimis pe adresa redac\u0163iei Agen\u0163iadeCarte.ro o cronic\u0103 la acest volum, pe care o red\u0103m integral.<img loading=\"lazy\" src=\"http:\/\/feeds.feedburner.com\/~r\/AgentiaDeCarte\/~4\/GN_j29HPY1I\" height=\"1\" width=\"1\"\/><\/p>\n","protected":false},"excerpt":{"rendered":"<p>La Editura Tracus Arte, \u00een colec\u0163ia \u201cPoezie\u201d, a ap\u0103rut volumul  \u201cPoetul, v\u0103rul \u015fi poporul\u201d de Adrian P\u00e2rvu. Scriitorul Traian T. Co\u015fovei a trimis pe adresa redac\u0163iei Agen\u0163iadeCarte.ro o cronic\u0103 la acest volum, pe care o red\u0103m integral.<\/p>\n","protected":false},"author":26,"featured_media":0,"comment_status":"closed","ping_status":"closed","sticky":false,"template":"","format":"standard","meta":[],"categories":[897],"tags":[2233],"_links":{"self":[{"href":"https:\/\/townportal.ro\/carti\/wp-json\/wp\/v2\/posts\/3522"}],"collection":[{"href":"https:\/\/townportal.ro\/carti\/wp-json\/wp\/v2\/posts"}],"about":[{"href":"https:\/\/townportal.ro\/carti\/wp-json\/wp\/v2\/types\/post"}],"author":[{"embeddable":true,"href":"https:\/\/townportal.ro\/carti\/wp-json\/wp\/v2\/users\/26"}],"replies":[{"embeddable":true,"href":"https:\/\/townportal.ro\/carti\/wp-json\/wp\/v2\/comments?post=3522"}],"version-history":[{"count":0,"href":"https:\/\/townportal.ro\/carti\/wp-json\/wp\/v2\/posts\/3522\/revisions"}],"wp:attachment":[{"href":"https:\/\/townportal.ro\/carti\/wp-json\/wp\/v2\/media?parent=3522"}],"wp:term":[{"taxonomy":"category","embeddable":true,"href":"https:\/\/townportal.ro\/carti\/wp-json\/wp\/v2\/categories?post=3522"},{"taxonomy":"post_tag","embeddable":true,"href":"https:\/\/townportal.ro\/carti\/wp-json\/wp\/v2\/tags?post=3522"}],"curies":[{"name":"wp","href":"https:\/\/api.w.org\/{rel}","templated":true}]}}