{"id":3520,"date":"2011-09-26T21:15:59","date_gmt":"2011-09-26T19:15:59","guid":{"rendered":"tag:www.agentiadecarte.ro:\/\/2a3b726f8368f4772e4f248014494fbe"},"modified":"2011-09-26T21:15:59","modified_gmt":"2011-09-26T19:15:59","slug":"clubul-de-proza-%e2%80%9cla-formarea-ideilor%e2%80%9d-editie-in-memoriam-constantin-stan","status":"publish","type":"post","link":"https:\/\/townportal.ro\/carti\/stiri\/clubul-de-proza-%e2%80%9cla-formarea-ideilor%e2%80%9d-editie-in-memoriam-constantin-stan\/","title":{"rendered":"Clubul de proz\u0103 \u201cLa formarea ideilor\u201d, edi\u0163ie in memoriam Constantin Stan"},"content":{"rendered":"<p>Mar\u0163i, 27 septembrie 2011, ora 17:00, \u00een Rotonda Muzeului Na\u0163ional al Literaturii Rom\u00e2ne (Bd. Dacia nr. 12, Bucure\u015fti), va avea loc o nou\u0103 edi\u0163ie a Clubului de proz\u0103 \u201cLa formarea ideilor\u201d, edi\u0163ie in memoriam Constantin Stan. Evenimentul este organizat de Muzeul Na\u0163ional al Literaturii Rom\u00e2ne, Asocia\u0163ia Scriitorilor din Bucure\u015fti (sec\u0163ia proz\u0103) \u015fi Uniunea Scriitorilor din Rom\u00e2nia.<img loading=\"lazy\" src=\"http:\/\/feeds.feedburner.com\/~r\/AgentiaDeCarte\/~4\/23cADPuKOYk\" height=\"1\" width=\"1\"\/><\/p>\n","protected":false},"excerpt":{"rendered":"<p>Mar\u0163i, 27 septembrie 2011, ora 17:00, \u00een Rotonda Muzeului Na\u0163ional al Literaturii Rom\u00e2ne (Bd. Dacia nr. 12, Bucure\u015fti), va avea loc o nou\u0103 edi\u0163ie a Clubului de proz\u0103 \u201cLa formarea ideilor\u201d, edi\u0163ie in memoriam Constantin Stan. Evenimentul es&#8230;<\/p>\n","protected":false},"author":26,"featured_media":0,"comment_status":"closed","ping_status":"closed","sticky":false,"template":"","format":"standard","meta":[],"categories":[897],"tags":[2233],"_links":{"self":[{"href":"https:\/\/townportal.ro\/carti\/wp-json\/wp\/v2\/posts\/3520"}],"collection":[{"href":"https:\/\/townportal.ro\/carti\/wp-json\/wp\/v2\/posts"}],"about":[{"href":"https:\/\/townportal.ro\/carti\/wp-json\/wp\/v2\/types\/post"}],"author":[{"embeddable":true,"href":"https:\/\/townportal.ro\/carti\/wp-json\/wp\/v2\/users\/26"}],"replies":[{"embeddable":true,"href":"https:\/\/townportal.ro\/carti\/wp-json\/wp\/v2\/comments?post=3520"}],"version-history":[{"count":0,"href":"https:\/\/townportal.ro\/carti\/wp-json\/wp\/v2\/posts\/3520\/revisions"}],"wp:attachment":[{"href":"https:\/\/townportal.ro\/carti\/wp-json\/wp\/v2\/media?parent=3520"}],"wp:term":[{"taxonomy":"category","embeddable":true,"href":"https:\/\/townportal.ro\/carti\/wp-json\/wp\/v2\/categories?post=3520"},{"taxonomy":"post_tag","embeddable":true,"href":"https:\/\/townportal.ro\/carti\/wp-json\/wp\/v2\/tags?post=3520"}],"curies":[{"name":"wp","href":"https:\/\/api.w.org\/{rel}","templated":true}]}}