{"id":3511,"date":"2011-09-25T19:29:48","date_gmt":"2011-09-25T17:29:48","guid":{"rendered":"tag:www.agentiadecarte.ro:\/\/1bb0fd59f4338e1a4a47e57622fb2231"},"modified":"2011-09-25T19:29:48","modified_gmt":"2011-09-25T17:29:48","slug":"tripla-lansare-in-%e2%80%9esala-oglinzilor%e2%80%9d-a-usr","status":"publish","type":"post","link":"https:\/\/townportal.ro\/carti\/stiri\/tripla-lansare-in-%e2%80%9esala-oglinzilor%e2%80%9d-a-usr\/","title":{"rendered":"Tripl\u0103 lansare \u00een \u201eSala Oglinzilor\u201d a USR"},"content":{"rendered":"<p>Luni, 26 septembrie, de la ora 18.30, la \u201eSala Oglinzilor\u201d a Uniunii Scriitorilor din Rom\u00e2nia va avea loc lansarea a trei volume semnate de scriitoarea Flavia Cosma: &#8220;Focul ce ne arde&#8221;, &#8220;Cartierul Latin&#8221; \u015fi &#8220;Pe c\u0103i de nimeni \u015ftiute&#8221;, ap\u0103rute la Editura Ars Longa.<img loading=\"lazy\" src=\"http:\/\/feeds.feedburner.com\/~r\/AgentiaDeCarte\/~4\/xEK_asxIuAo\" height=\"1\" width=\"1\"\/><\/p>\n","protected":false},"excerpt":{"rendered":"<p>Luni, 26 septembrie, de la ora 18.30, la \u201eSala Oglinzilor\u201d a Uniunii Scriitorilor din Rom\u00e2nia va avea loc lansarea a trei volume semnate de scriitoarea Flavia Cosma: &#8220;Focul ce ne arde&#8221;, &#8220;Cartierul Latin&#8221; \u015fi &#8220;Pe c\u0103i de nimeni \u015ftiute&#8221;, ap\u0103rute l&#8230;<\/p>\n","protected":false},"author":26,"featured_media":0,"comment_status":"closed","ping_status":"closed","sticky":false,"template":"","format":"standard","meta":[],"categories":[897],"tags":[2233],"_links":{"self":[{"href":"https:\/\/townportal.ro\/carti\/wp-json\/wp\/v2\/posts\/3511"}],"collection":[{"href":"https:\/\/townportal.ro\/carti\/wp-json\/wp\/v2\/posts"}],"about":[{"href":"https:\/\/townportal.ro\/carti\/wp-json\/wp\/v2\/types\/post"}],"author":[{"embeddable":true,"href":"https:\/\/townportal.ro\/carti\/wp-json\/wp\/v2\/users\/26"}],"replies":[{"embeddable":true,"href":"https:\/\/townportal.ro\/carti\/wp-json\/wp\/v2\/comments?post=3511"}],"version-history":[{"count":0,"href":"https:\/\/townportal.ro\/carti\/wp-json\/wp\/v2\/posts\/3511\/revisions"}],"wp:attachment":[{"href":"https:\/\/townportal.ro\/carti\/wp-json\/wp\/v2\/media?parent=3511"}],"wp:term":[{"taxonomy":"category","embeddable":true,"href":"https:\/\/townportal.ro\/carti\/wp-json\/wp\/v2\/categories?post=3511"},{"taxonomy":"post_tag","embeddable":true,"href":"https:\/\/townportal.ro\/carti\/wp-json\/wp\/v2\/tags?post=3511"}],"curies":[{"name":"wp","href":"https:\/\/api.w.org\/{rel}","templated":true}]}}