{"id":3510,"date":"2011-09-25T19:29:47","date_gmt":"2011-09-25T17:29:47","guid":{"rendered":"tag:www.agentiadecarte.ro:\/\/d269af198df622da35af5bd44876a5ed"},"modified":"2011-09-25T19:29:47","modified_gmt":"2011-09-25T17:29:47","slug":"revista-%e2%80%9eclipa%e2%80%9d-publicatie-culturala-a-tinerei-generatii-din-republica-moldova-lansata-la-venetia","status":"publish","type":"post","link":"https:\/\/townportal.ro\/carti\/stiri\/revista-%e2%80%9eclipa%e2%80%9d-publicatie-culturala-a-tinerei-generatii-din-republica-moldova-lansata-la-venetia\/","title":{"rendered":"Revista \u201eClipa\u201d, publica\u0163ie cultural\u0103 a tinerei genera\u0163ii din Republica Moldova, lansat\u0103 la Vene\u0163ia"},"content":{"rendered":"<p>Miercuri, 28 septembrie 2011, ora 17:00, la Ateneo Veneto din Vene\u0163ia va avea loc prezentarea revistei \u201eClipa\u201d, publica\u0163ie cultural\u0103 a tinerei genera\u0163ii din Republica Moldova, finan\u0163at\u0103 de Institutul Cultural Rom\u00e2n. Publica\u0163ia a fost fondat\u0103 \u00een toamna anului 1995, \u00een urma grevei generale a elevilor, studen\u0163ilor \u015fi cadrelor didactice, manifestare de protest declan\u015fat\u0103 pentru ap\u0103rarea limbii rom\u00e2ne \u015fi a istoriei rom\u00e2nilor, prima grev\u0103 de amploare de dup\u0103 anul 1989. Invita\u0163ii manifest\u0103rii de la Vene\u0163ia sunt Eugenia Bulat, director fondator \u015fi director onorific al revistei, Iulia Iord\u0103chescu, director \u015fi coordonator de proiect, Aurelia Cojocaru, poet\u0103, publicist\u0103, student\u0103 la Universitatea din Berlin, Mihaela Iord\u0103chescu, publicist\u0103, autoare \u0219i curatoarea revistei \u00een format electronic, student\u0103 la Academia de Studii Economice din Chi\u015fin\u0103u \u015fi Dan Nicu, istoric, publicist, absolvent al \u0218colii Na\u021bionale de \u0218tiin\u021be Politice \u0219i Administrative din Bucure\u0219ti.<img loading=\"lazy\" src=\"http:\/\/feeds.feedburner.com\/~r\/AgentiaDeCarte\/~4\/pWSpLcy2fE4\" height=\"1\" width=\"1\"\/><\/p>\n","protected":false},"excerpt":{"rendered":"<p>Miercuri, 28 septembrie 2011, ora 17:00, la Ateneo Veneto din Vene\u0163ia va avea loc prezentarea revistei \u201eClipa\u201d, publica\u0163ie cultural\u0103 a tinerei genera\u0163ii din Republica Moldova, finan\u0163at\u0103 de Institutul Cultural Rom\u00e2n. Publica\u0163ia a fost fondat&#8230;<\/p>\n","protected":false},"author":26,"featured_media":0,"comment_status":"closed","ping_status":"closed","sticky":false,"template":"","format":"standard","meta":[],"categories":[897],"tags":[2233],"_links":{"self":[{"href":"https:\/\/townportal.ro\/carti\/wp-json\/wp\/v2\/posts\/3510"}],"collection":[{"href":"https:\/\/townportal.ro\/carti\/wp-json\/wp\/v2\/posts"}],"about":[{"href":"https:\/\/townportal.ro\/carti\/wp-json\/wp\/v2\/types\/post"}],"author":[{"embeddable":true,"href":"https:\/\/townportal.ro\/carti\/wp-json\/wp\/v2\/users\/26"}],"replies":[{"embeddable":true,"href":"https:\/\/townportal.ro\/carti\/wp-json\/wp\/v2\/comments?post=3510"}],"version-history":[{"count":0,"href":"https:\/\/townportal.ro\/carti\/wp-json\/wp\/v2\/posts\/3510\/revisions"}],"wp:attachment":[{"href":"https:\/\/townportal.ro\/carti\/wp-json\/wp\/v2\/media?parent=3510"}],"wp:term":[{"taxonomy":"category","embeddable":true,"href":"https:\/\/townportal.ro\/carti\/wp-json\/wp\/v2\/categories?post=3510"},{"taxonomy":"post_tag","embeddable":true,"href":"https:\/\/townportal.ro\/carti\/wp-json\/wp\/v2\/tags?post=3510"}],"curies":[{"name":"wp","href":"https:\/\/api.w.org\/{rel}","templated":true}]}}