{"id":3508,"date":"2011-09-25T19:29:46","date_gmt":"2011-09-25T17:29:46","guid":{"rendered":"tag:www.agentiadecarte.ro:\/\/8db59ad9dd107748a65c782a2a28d612"},"modified":"2011-09-25T19:29:46","modified_gmt":"2011-09-25T17:29:46","slug":"%e2%80%9ceconomia-binelui-si-a-raului%e2%80%9d-de-tomas-sedlacek","status":"publish","type":"post","link":"https:\/\/townportal.ro\/carti\/stiri\/%e2%80%9ceconomia-binelui-si-a-raului%e2%80%9d-de-tomas-sedlacek\/","title":{"rendered":"\u201cEconomia Binelui \u015fi a R\u0103ului\u201d de Tomas Sedlacek"},"content":{"rendered":"<p>Mar\u0163i, 27 septembrie 2011, de la ora 10.00, la Biblioteca Central\u0103 Universitar\u0103 Carol I , \u00eencepe evenimentul \u201eEconomia Binelui \u015fi a R\u0103ului\u201d. Tomas Sedlacek, membru \u00een Consiliului Economic Na\u0163ional al Guvernului Ceh, consilier al fostului pre\u015fedinte Vaclav Havel \u015fi unul dintre tinerii economi\u015fti de top potrivit Yale Economic Review, va participa la eveniment \u015fi va prezenta \u015fi cartea sa \u201eEconomia Binelui \u015fi a R\u0103ului\u201d. Un eveniment organizat de Centrul Ceh din Bucure\u015fti \u015fi Ambasada Republicii Cehe.<img loading=\"lazy\" src=\"http:\/\/feeds.feedburner.com\/~r\/AgentiaDeCarte\/~4\/KndYySmS3dg\" height=\"1\" width=\"1\"\/><\/p>\n","protected":false},"excerpt":{"rendered":"<p>Mar\u0163i, 27 septembrie 2011, de la ora 10.00, la Biblioteca Central\u0103 Universitar\u0103 Carol I , \u00eencepe evenimentul \u201eEconomia Binelui \u015fi a R\u0103ului\u201d. Tomas Sedlacek, membru \u00een Consiliului Economic Na\u0163ional al Guvernului Ceh, consilier al fostului pr&#8230;<\/p>\n","protected":false},"author":26,"featured_media":0,"comment_status":"closed","ping_status":"closed","sticky":false,"template":"","format":"standard","meta":[],"categories":[897],"tags":[2233],"_links":{"self":[{"href":"https:\/\/townportal.ro\/carti\/wp-json\/wp\/v2\/posts\/3508"}],"collection":[{"href":"https:\/\/townportal.ro\/carti\/wp-json\/wp\/v2\/posts"}],"about":[{"href":"https:\/\/townportal.ro\/carti\/wp-json\/wp\/v2\/types\/post"}],"author":[{"embeddable":true,"href":"https:\/\/townportal.ro\/carti\/wp-json\/wp\/v2\/users\/26"}],"replies":[{"embeddable":true,"href":"https:\/\/townportal.ro\/carti\/wp-json\/wp\/v2\/comments?post=3508"}],"version-history":[{"count":0,"href":"https:\/\/townportal.ro\/carti\/wp-json\/wp\/v2\/posts\/3508\/revisions"}],"wp:attachment":[{"href":"https:\/\/townportal.ro\/carti\/wp-json\/wp\/v2\/media?parent=3508"}],"wp:term":[{"taxonomy":"category","embeddable":true,"href":"https:\/\/townportal.ro\/carti\/wp-json\/wp\/v2\/categories?post=3508"},{"taxonomy":"post_tag","embeddable":true,"href":"https:\/\/townportal.ro\/carti\/wp-json\/wp\/v2\/tags?post=3508"}],"curies":[{"name":"wp","href":"https:\/\/api.w.org\/{rel}","templated":true}]}}