{"id":3507,"date":"2011-09-25T19:29:46","date_gmt":"2011-09-25T17:29:46","guid":{"rendered":"tag:www.agentiadecarte.ro:\/\/0c9924af58e5ab1763597dfc8a4a58ef"},"modified":"2011-09-25T19:29:46","modified_gmt":"2011-09-25T17:29:46","slug":"dubla-lansare-la-institutul-diplomatic-roman-%e2%80%9eseicul-alb%e2%80%9d-si-%e2%80%9eintoarcerea-lui-hulagu%e2%80%9d-de-sultan-bin-mohammed-al-qasimi","status":"publish","type":"post","link":"https:\/\/townportal.ro\/carti\/stiri\/dubla-lansare-la-institutul-diplomatic-roman-%e2%80%9eseicul-alb%e2%80%9d-si-%e2%80%9eintoarcerea-lui-hulagu%e2%80%9d-de-sultan-bin-mohammed-al-qasimi\/","title":{"rendered":"Dubl\u0103 lansare la Institutul Diplomatic Rom\u00e2n: \u201e\u015eeicul Alb\u201d \u015fi \u201e\u00centoarcerea lui Hulagu\u201d de Sultan Bin Mohammed al-Qasimi"},"content":{"rendered":"<p>Joi, 29 septembrie 2011, de la ora 11.00, la Institutul Diplomatic Rom\u00e2n (B-dul Prim\u0103verii nr. 17, Bucure\u015fti), va avea loc lansarea volumelor \u201e\u015eeicul Alb\u201d  \u015fi \u201e\u00centoarcerea lui Hulagu\u201d de Sultan Bin Mohammed al-Qasimi, ap\u0103rute la Editura Ars Longa, \u00een colec\u0163ia \u201eAlif\u201d. Evenimentul se \u00eenscrie \u00een cadrul programului \u201eRepere Editoriale\u201d.<img loading=\"lazy\" src=\"http:\/\/feeds.feedburner.com\/~r\/AgentiaDeCarte\/~4\/OgTLpz9gCFk\" height=\"1\" width=\"1\"\/><\/p>\n","protected":false},"excerpt":{"rendered":"<p>Joi, 29 septembrie 2011, de la ora 11.00, la Institutul Diplomatic Rom\u00e2n (B-dul Prim\u0103verii nr. 17, Bucure\u015fti), va avea loc lansarea volumelor \u201e\u015eeicul Alb\u201d  \u015fi \u201e\u00centoarcerea lui Hulagu\u201d de Sultan Bin Mohammed al-Qasimi, ap\u0103rute la Editura &#8230;<\/p>\n","protected":false},"author":26,"featured_media":0,"comment_status":"closed","ping_status":"closed","sticky":false,"template":"","format":"standard","meta":[],"categories":[897],"tags":[2233],"_links":{"self":[{"href":"https:\/\/townportal.ro\/carti\/wp-json\/wp\/v2\/posts\/3507"}],"collection":[{"href":"https:\/\/townportal.ro\/carti\/wp-json\/wp\/v2\/posts"}],"about":[{"href":"https:\/\/townportal.ro\/carti\/wp-json\/wp\/v2\/types\/post"}],"author":[{"embeddable":true,"href":"https:\/\/townportal.ro\/carti\/wp-json\/wp\/v2\/users\/26"}],"replies":[{"embeddable":true,"href":"https:\/\/townportal.ro\/carti\/wp-json\/wp\/v2\/comments?post=3507"}],"version-history":[{"count":0,"href":"https:\/\/townportal.ro\/carti\/wp-json\/wp\/v2\/posts\/3507\/revisions"}],"wp:attachment":[{"href":"https:\/\/townportal.ro\/carti\/wp-json\/wp\/v2\/media?parent=3507"}],"wp:term":[{"taxonomy":"category","embeddable":true,"href":"https:\/\/townportal.ro\/carti\/wp-json\/wp\/v2\/categories?post=3507"},{"taxonomy":"post_tag","embeddable":true,"href":"https:\/\/townportal.ro\/carti\/wp-json\/wp\/v2\/tags?post=3507"}],"curies":[{"name":"wp","href":"https:\/\/api.w.org\/{rel}","templated":true}]}}