{"id":3505,"date":"2011-09-25T19:29:44","date_gmt":"2011-09-25T17:29:44","guid":{"rendered":"tag:www.agentiadecarte.ro:\/\/24f9d17af1b7e3e93f71e8202375c0b5"},"modified":"2011-09-25T19:29:44","modified_gmt":"2011-09-25T17:29:44","slug":"harry-tavitian-sau-%e2%80%9eimprovizatii-pe-teme-armenesti-traditionale-si-religioase%e2%80%9d-la-ateneul-roman","status":"publish","type":"post","link":"https:\/\/townportal.ro\/carti\/stiri\/harry-tavitian-sau-%e2%80%9eimprovizatii-pe-teme-armenesti-traditionale-si-religioase%e2%80%9d-la-ateneul-roman\/","title":{"rendered":"Harry Tavitian sau \u201eImproviza\u0163ii pe teme armene\u015fti tradi\u0163ionale \u015fi religioase\u201d, la Ateneul Rom\u00e2n"},"content":{"rendered":"<p>Miercuri, 28 septembrie 2011, de la ora 18.30, la Ateneul Rom\u00e2n va avea loc un concert dedicat Zilei Na\u0163ionale a Republicii Armenia \u2013 20 de ani de la Independen\u0163\u0103. Printre arti\u015ftii invita\u0163i la acest eveniment se afl\u0103 \u015fi Harry Tavitian, care va sus\u0163ine un recital la pian, \u201eImproviza\u0163ii pe teme armene\u015fti tradi\u0163ionale \u015fi religioase\u201d. Intrarea este liber\u0103.<img loading=\"lazy\" src=\"http:\/\/feeds.feedburner.com\/~r\/AgentiaDeCarte\/~4\/rNZqeW_eMAw\" height=\"1\" width=\"1\"\/><\/p>\n","protected":false},"excerpt":{"rendered":"<p>Miercuri, 28 septembrie 2011, de la ora 18.30, la Ateneul Rom\u00e2n va avea loc un concert dedicat Zilei Na\u0163ionale a Republicii Armenia \u2013 20 de ani de la Independen\u0163\u0103. Printre arti\u015ftii invita\u0163i la acest eveniment se afl\u0103 \u015fi Harry Tavitian, care v&#8230;<\/p>\n","protected":false},"author":26,"featured_media":0,"comment_status":"closed","ping_status":"closed","sticky":false,"template":"","format":"standard","meta":[],"categories":[897],"tags":[2233],"_links":{"self":[{"href":"https:\/\/townportal.ro\/carti\/wp-json\/wp\/v2\/posts\/3505"}],"collection":[{"href":"https:\/\/townportal.ro\/carti\/wp-json\/wp\/v2\/posts"}],"about":[{"href":"https:\/\/townportal.ro\/carti\/wp-json\/wp\/v2\/types\/post"}],"author":[{"embeddable":true,"href":"https:\/\/townportal.ro\/carti\/wp-json\/wp\/v2\/users\/26"}],"replies":[{"embeddable":true,"href":"https:\/\/townportal.ro\/carti\/wp-json\/wp\/v2\/comments?post=3505"}],"version-history":[{"count":0,"href":"https:\/\/townportal.ro\/carti\/wp-json\/wp\/v2\/posts\/3505\/revisions"}],"wp:attachment":[{"href":"https:\/\/townportal.ro\/carti\/wp-json\/wp\/v2\/media?parent=3505"}],"wp:term":[{"taxonomy":"category","embeddable":true,"href":"https:\/\/townportal.ro\/carti\/wp-json\/wp\/v2\/categories?post=3505"},{"taxonomy":"post_tag","embeddable":true,"href":"https:\/\/townportal.ro\/carti\/wp-json\/wp\/v2\/tags?post=3505"}],"curies":[{"name":"wp","href":"https:\/\/api.w.org\/{rel}","templated":true}]}}