{"id":3504,"date":"2011-09-25T19:29:43","date_gmt":"2011-09-25T17:29:43","guid":{"rendered":"tag:www.agentiadecarte.ro:\/\/d9984d23ec8e447586c2c21759bc65a2"},"modified":"2011-09-25T19:29:43","modified_gmt":"2011-09-25T17:29:43","slug":"dubla-masura-a-lui-gabriel-liiceanu","status":"publish","type":"post","link":"https:\/\/townportal.ro\/carti\/stiri\/dubla-masura-a-lui-gabriel-liiceanu\/","title":{"rendered":"Dubla m\u0103sur\u0103 a lui Gabriel Liiceanu"},"content":{"rendered":"<p>Scriitorul Alexandru Petria a trimis pe adresa Agen\u0163iadeCarte.ro un text despre intelectualii rom\u00e2ni care, \u00eentr-un fel sau altul, se implic\u0103 \u00een politic\u0103 \u015fi despre modul \u00een care &#8220;apar&#8221; \u00een urma acestor asocieri. Textul integral semnat de Alexandru Petria \u00eel g\u0103si\u0163i mai jos.<img loading=\"lazy\" src=\"http:\/\/feeds.feedburner.com\/~r\/AgentiaDeCarte\/~4\/6WUsoRAikrs\" height=\"1\" width=\"1\"\/><\/p>\n","protected":false},"excerpt":{"rendered":"<p>Scriitorul Alexandru Petria a trimis pe adresa Agen\u0163iadeCarte.ro un text despre intelectualii rom\u00e2ni care, \u00eentr-un fel sau altul, se implic\u0103 \u00een politic\u0103 \u015fi despre modul \u00een care &#8220;apar&#8221; \u00een urma acestor asocieri. Textul integral semnat de Alexand&#8230;<\/p>\n","protected":false},"author":26,"featured_media":0,"comment_status":"closed","ping_status":"closed","sticky":false,"template":"","format":"standard","meta":[],"categories":[897],"tags":[2233],"_links":{"self":[{"href":"https:\/\/townportal.ro\/carti\/wp-json\/wp\/v2\/posts\/3504"}],"collection":[{"href":"https:\/\/townportal.ro\/carti\/wp-json\/wp\/v2\/posts"}],"about":[{"href":"https:\/\/townportal.ro\/carti\/wp-json\/wp\/v2\/types\/post"}],"author":[{"embeddable":true,"href":"https:\/\/townportal.ro\/carti\/wp-json\/wp\/v2\/users\/26"}],"replies":[{"embeddable":true,"href":"https:\/\/townportal.ro\/carti\/wp-json\/wp\/v2\/comments?post=3504"}],"version-history":[{"count":0,"href":"https:\/\/townportal.ro\/carti\/wp-json\/wp\/v2\/posts\/3504\/revisions"}],"wp:attachment":[{"href":"https:\/\/townportal.ro\/carti\/wp-json\/wp\/v2\/media?parent=3504"}],"wp:term":[{"taxonomy":"category","embeddable":true,"href":"https:\/\/townportal.ro\/carti\/wp-json\/wp\/v2\/categories?post=3504"},{"taxonomy":"post_tag","embeddable":true,"href":"https:\/\/townportal.ro\/carti\/wp-json\/wp\/v2\/tags?post=3504"}],"curies":[{"name":"wp","href":"https:\/\/api.w.org\/{rel}","templated":true}]}}