{"id":2429,"date":"2011-04-18T05:46:45","date_gmt":"2011-04-18T03:46:45","guid":{"rendered":"tag:www.agentiadecarte.ro:\/\/9ce85764efae8b21cda273f1e339f2d5"},"modified":"2011-04-18T05:46:45","modified_gmt":"2011-04-18T03:46:45","slug":"artista-ioana-nemes-in-dialog-cu-andrea-codrington-lippke-la-new-york","status":"publish","type":"post","link":"https:\/\/townportal.ro\/carti\/stiri\/artista-ioana-nemes-in-dialog-cu-andrea-codrington-lippke-la-new-york\/","title":{"rendered":"Artista Ioana Neme\u015f, \u00een dialog cu Andrea Codrington Lippke, la New York"},"content":{"rendered":"<p>Institutul Cultural Rom\u00e2n din New York \u015fi Art in General prezint\u0103 mar\u0163i, 19 aprilie 2011, un dialog cu Ioana Neme\u015f, cu ocazia recent vernisatei expozi\u0163ii personale a artistei, \u201eTimes Colliding\u201d, g\u0103zduit\u0103 de Art in General. Ioana Neme\u015f va vorbi despre evolu\u0163ia sa artistic\u0103 de la proiectul \u201eMonthly Evaluations&#8221; (2005-2010), prezentat de ICRNY \u00een 2006 \u00een premier\u0103 \u00een SUA, la recentul proiect \u201cTimes Colliding\u201d realizat in situ la prestigioasa institu\u0163ie new yorkez\u0103.<img loading=\"lazy\" src=\"http:\/\/feeds.feedburner.com\/~r\/AgentiaDeCarte\/~4\/OSj3EZo-XXg\" height=\"1\" width=\"1\"\/><\/p>\n","protected":false},"excerpt":{"rendered":"<p>Institutul Cultural Rom\u00e2n din New York \u015fi Art in General prezint\u0103 mar\u0163i, 19 aprilie 2011, un dialog cu Ioana Neme\u015f, cu ocazia recent vernisatei expozi\u0163ii personale a artistei, \u201eTimes Colliding\u201d, g\u0103zduit\u0103 de Art in General. Ioana Neme\u015f va v&#8230;<\/p>\n","protected":false},"author":26,"featured_media":0,"comment_status":"closed","ping_status":"closed","sticky":false,"template":"","format":"standard","meta":[],"categories":[897],"tags":[2233],"_links":{"self":[{"href":"https:\/\/townportal.ro\/carti\/wp-json\/wp\/v2\/posts\/2429"}],"collection":[{"href":"https:\/\/townportal.ro\/carti\/wp-json\/wp\/v2\/posts"}],"about":[{"href":"https:\/\/townportal.ro\/carti\/wp-json\/wp\/v2\/types\/post"}],"author":[{"embeddable":true,"href":"https:\/\/townportal.ro\/carti\/wp-json\/wp\/v2\/users\/26"}],"replies":[{"embeddable":true,"href":"https:\/\/townportal.ro\/carti\/wp-json\/wp\/v2\/comments?post=2429"}],"version-history":[{"count":0,"href":"https:\/\/townportal.ro\/carti\/wp-json\/wp\/v2\/posts\/2429\/revisions"}],"wp:attachment":[{"href":"https:\/\/townportal.ro\/carti\/wp-json\/wp\/v2\/media?parent=2429"}],"wp:term":[{"taxonomy":"category","embeddable":true,"href":"https:\/\/townportal.ro\/carti\/wp-json\/wp\/v2\/categories?post=2429"},{"taxonomy":"post_tag","embeddable":true,"href":"https:\/\/townportal.ro\/carti\/wp-json\/wp\/v2\/tags?post=2429"}],"curies":[{"name":"wp","href":"https:\/\/api.w.org\/{rel}","templated":true}]}}