{"id":2424,"date":"2011-04-18T05:46:45","date_gmt":"2011-04-18T03:46:45","guid":{"rendered":"tag:www.agentiadecarte.ro:\/\/1cc18822855790971889fbd9934f665a"},"modified":"2011-04-18T05:46:45","modified_gmt":"2011-04-18T03:46:45","slug":"seria-de-autor-%e2%80%9cmarta-petreu%e2%80%9d-lansata-la-cluj","status":"publish","type":"post","link":"https:\/\/townportal.ro\/carti\/stiri\/seria-de-autor-%e2%80%9cmarta-petreu%e2%80%9d-lansata-la-cluj\/","title":{"rendered":"Seria de autor \u201cMarta Petreu\u201d, lansat\u0103 la Cluj"},"content":{"rendered":"<p>Miercuri, 20 aprilie 2011, ora 13:00, la Libr\u0103ria Book Corner din Cluj (str. Eroilor nr. 15), va fi lansat\u0103 seria de autor dedicat\u0103 de Editura Polirom poetei \u015fi eseistei Marta Petreu. Particip\u0103, al\u0103turi de autoare: Mihaela Ursa, Ovidiu Pecican \u015fi Doru Pop. Moderator: Valentin Derevlean. Seria \u00eencepe cu un roman care marcheaz\u0103 totodat\u0103 debutul autoarei \u00een proz\u0103, \u201cAcas\u0103, pe C\u00e2mpia Armaghedonului\u201d, pasionant\u0103 istorie de familie \u00eentins\u0103 pe parcursul unui secol, cu integrala poeziei Martei Petreu, \u201cApocalipsa dup\u0103 Marta\u201d, precum \u015fi cu o nou\u0103 edi\u0163ie, rev\u0103zut\u0103, a monografiei despre Cioran \u015fi controversatul s\u0103u trecut interbelic: \u201cCioran sau un trecut deocheat,\u201d publicat\u0103 la centenarul filosofului n\u0103scut la R\u0103\u015finari. \u201cCioran sau un trecut deocheat\u201d a ap\u0103rut \u00een SUA, \u00een anul 2005, la editura Ivan D. Ree, \u00een traducerea lui Bogdan Aldea, cu o prefa\u0163\u0103 de Norman Manea, av\u00e2nd titlul \u201cAn infamous past. E. M. Cioran and the Rise of Fascism in Romania\u201d.<img loading=\"lazy\" src=\"http:\/\/feeds.feedburner.com\/~r\/AgentiaDeCarte\/~4\/6dfottoU8jQ\" height=\"1\" width=\"1\"\/><\/p>\n","protected":false},"excerpt":{"rendered":"<p>Miercuri, 20 aprilie 2011, ora 13:00, la Libr\u0103ria Book Corner din Cluj (str. Eroilor nr. 15), va fi lansat\u0103 seria de autor dedicat\u0103 de Editura Polirom poetei \u015fi eseistei Marta Petreu. Particip\u0103, al\u0103turi de autoare: Mihaela Ursa, Ovidiu Pecican \u015f&#8230;<\/p>\n","protected":false},"author":26,"featured_media":0,"comment_status":"closed","ping_status":"closed","sticky":false,"template":"","format":"standard","meta":[],"categories":[897],"tags":[2233],"_links":{"self":[{"href":"https:\/\/townportal.ro\/carti\/wp-json\/wp\/v2\/posts\/2424"}],"collection":[{"href":"https:\/\/townportal.ro\/carti\/wp-json\/wp\/v2\/posts"}],"about":[{"href":"https:\/\/townportal.ro\/carti\/wp-json\/wp\/v2\/types\/post"}],"author":[{"embeddable":true,"href":"https:\/\/townportal.ro\/carti\/wp-json\/wp\/v2\/users\/26"}],"replies":[{"embeddable":true,"href":"https:\/\/townportal.ro\/carti\/wp-json\/wp\/v2\/comments?post=2424"}],"version-history":[{"count":0,"href":"https:\/\/townportal.ro\/carti\/wp-json\/wp\/v2\/posts\/2424\/revisions"}],"wp:attachment":[{"href":"https:\/\/townportal.ro\/carti\/wp-json\/wp\/v2\/media?parent=2424"}],"wp:term":[{"taxonomy":"category","embeddable":true,"href":"https:\/\/townportal.ro\/carti\/wp-json\/wp\/v2\/categories?post=2424"},{"taxonomy":"post_tag","embeddable":true,"href":"https:\/\/townportal.ro\/carti\/wp-json\/wp\/v2\/tags?post=2424"}],"curies":[{"name":"wp","href":"https:\/\/api.w.org\/{rel}","templated":true}]}}