{"id":2420,"date":"2011-04-18T05:46:44","date_gmt":"2011-04-18T03:46:44","guid":{"rendered":"tag:www.agentiadecarte.ro:\/\/116e30acde9bd3b58e2760e6a222766f"},"modified":"2011-04-18T05:46:44","modified_gmt":"2011-04-18T03:46:44","slug":"%e2%80%9cca-sa-ramai-viu-trebuie-din-cand-in-cand-sa-te-reinventezi%e2%80%9d","status":"publish","type":"post","link":"https:\/\/townportal.ro\/carti\/stiri\/%e2%80%9cca-sa-ramai-viu-trebuie-din-cand-in-cand-sa-te-reinventezi%e2%80%9d\/","title":{"rendered":"\u201cCa s\u0103 r\u0103m\u00e2i viu trebuie din c\u00e2nd \u00een c\u00e2nd s\u0103 te reinventezi\u201d"},"content":{"rendered":"<p>Dan Lungu a publicat, de cur\u00e2nd, romanul \u201c\u00cen iad toate becurile sunt arse\u201d, Editura Polirom, colec\u0163ia \u201cFiction Ltd.\u201d. Victor, protagonist al romanului, tr\u0103ie\u015fte cu senza\u0163ia acut\u0103 c\u0103 \u00ee\u015fi supravie\u0163uie\u015fte propriei tinere\u0163i \u015fi c\u0103 prezentul \u00eei func\u0163ioneaz\u0103 din iner\u0163ie. Are o munc\u0103 bizar\u0103, nesatisf\u0103c\u0103toare, la care se adaug\u0103 obsesia c\u0103 propria so\u0163ie, vesela Veronica, fusese substituit\u0103 \u00een timp de o femeie care \u00eei seam\u0103n\u0103 perfect, dar care nu mai p\u0103streaz\u0103 nimic din \u015farmul feti\u015fcanei cu care se \u00eensurase. Andra Rotaru a dialogat cu Dan Lungu despre acest roman, \u00een exclusivitate pentru Agen\u0163iadeCarte.ro<img loading=\"lazy\" src=\"http:\/\/feeds.feedburner.com\/~r\/AgentiaDeCarte\/~4\/yrTY_pynVB8\" height=\"1\" width=\"1\"\/><\/p>\n","protected":false},"excerpt":{"rendered":"<p>Dan Lungu a publicat, de cur\u00e2nd, romanul \u201c\u00cen iad toate becurile sunt arse\u201d, Editura Polirom, colec\u0163ia \u201cFiction Ltd.\u201d. Victor, protagonist al romanului, tr\u0103ie\u015fte cu senza\u0163ia acut\u0103 c\u0103 \u00ee\u015fi supravie\u0163uie\u015fte propriei tinere\u0163i \u015fi c\u0103 pre&#8230;<\/p>\n","protected":false},"author":26,"featured_media":0,"comment_status":"closed","ping_status":"closed","sticky":false,"template":"","format":"standard","meta":[],"categories":[897],"tags":[2233],"_links":{"self":[{"href":"https:\/\/townportal.ro\/carti\/wp-json\/wp\/v2\/posts\/2420"}],"collection":[{"href":"https:\/\/townportal.ro\/carti\/wp-json\/wp\/v2\/posts"}],"about":[{"href":"https:\/\/townportal.ro\/carti\/wp-json\/wp\/v2\/types\/post"}],"author":[{"embeddable":true,"href":"https:\/\/townportal.ro\/carti\/wp-json\/wp\/v2\/users\/26"}],"replies":[{"embeddable":true,"href":"https:\/\/townportal.ro\/carti\/wp-json\/wp\/v2\/comments?post=2420"}],"version-history":[{"count":0,"href":"https:\/\/townportal.ro\/carti\/wp-json\/wp\/v2\/posts\/2420\/revisions"}],"wp:attachment":[{"href":"https:\/\/townportal.ro\/carti\/wp-json\/wp\/v2\/media?parent=2420"}],"wp:term":[{"taxonomy":"category","embeddable":true,"href":"https:\/\/townportal.ro\/carti\/wp-json\/wp\/v2\/categories?post=2420"},{"taxonomy":"post_tag","embeddable":true,"href":"https:\/\/townportal.ro\/carti\/wp-json\/wp\/v2\/tags?post=2420"}],"curies":[{"name":"wp","href":"https:\/\/api.w.org\/{rel}","templated":true}]}}