{"id":2388,"date":"2011-04-16T22:24:55","date_gmt":"2011-04-16T20:24:55","guid":{"rendered":"tag:www.agentiadecarte.ro:\/\/0ec9f2f515c856b4bfd4f6b6bce6f89a"},"modified":"2011-04-16T22:24:55","modified_gmt":"2011-04-16T20:24:55","slug":"andrei-marga-invitat-la-%e2%80%9eintalnirile-spectactor%e2%80%9d-ale-teatrului-national-din-craiova","status":"publish","type":"post","link":"https:\/\/townportal.ro\/carti\/stiri\/andrei-marga-invitat-la-%e2%80%9eintalnirile-spectactor%e2%80%9d-ale-teatrului-national-din-craiova\/","title":{"rendered":"Andrei Marga, invitat la \u201e\u00cent\u00e2lnirile SpectActor\u201d ale Teatrului Na\u0163ional din Craiova"},"content":{"rendered":"<p>Tema conferin\u0163ei sus\u0163inute de rectorul Universit\u0103\u0163ii Babe\u015f-Bolyai este \u201e\u00cencotro se \u00eendreapt\u0103 Rom\u00e2nia?\u201d<img loading=\"lazy\" src=\"http:\/\/feeds.feedburner.com\/~r\/AgentiaDeCarte\/~4\/htAKH5iAL8M\" height=\"1\" width=\"1\"\/><\/p>\n","protected":false},"excerpt":{"rendered":"<p>Tema conferin\u0163ei sus\u0163inute de rectorul Universit\u0103\u0163ii Babe\u015f-Bolyai este \u201e\u00cencotro se \u00eendreapt\u0103 Rom\u00e2nia?\u201d<\/p>\n","protected":false},"author":26,"featured_media":0,"comment_status":"closed","ping_status":"closed","sticky":false,"template":"","format":"standard","meta":[],"categories":[897],"tags":[2233],"_links":{"self":[{"href":"https:\/\/townportal.ro\/carti\/wp-json\/wp\/v2\/posts\/2388"}],"collection":[{"href":"https:\/\/townportal.ro\/carti\/wp-json\/wp\/v2\/posts"}],"about":[{"href":"https:\/\/townportal.ro\/carti\/wp-json\/wp\/v2\/types\/post"}],"author":[{"embeddable":true,"href":"https:\/\/townportal.ro\/carti\/wp-json\/wp\/v2\/users\/26"}],"replies":[{"embeddable":true,"href":"https:\/\/townportal.ro\/carti\/wp-json\/wp\/v2\/comments?post=2388"}],"version-history":[{"count":0,"href":"https:\/\/townportal.ro\/carti\/wp-json\/wp\/v2\/posts\/2388\/revisions"}],"wp:attachment":[{"href":"https:\/\/townportal.ro\/carti\/wp-json\/wp\/v2\/media?parent=2388"}],"wp:term":[{"taxonomy":"category","embeddable":true,"href":"https:\/\/townportal.ro\/carti\/wp-json\/wp\/v2\/categories?post=2388"},{"taxonomy":"post_tag","embeddable":true,"href":"https:\/\/townportal.ro\/carti\/wp-json\/wp\/v2\/tags?post=2388"}],"curies":[{"name":"wp","href":"https:\/\/api.w.org\/{rel}","templated":true}]}}