{"id":2385,"date":"2011-04-16T22:24:54","date_gmt":"2011-04-16T20:24:54","guid":{"rendered":"tag:www.agentiadecarte.ro:\/\/9acb3d6579039a3067d9e27c3c772c4a"},"modified":"2011-04-16T22:24:54","modified_gmt":"2011-04-16T20:24:54","slug":"%e2%80%9clebada-verde-o-copilarie-in-delta%e2%80%9d-de-tina-verban","status":"publish","type":"post","link":"https:\/\/townportal.ro\/carti\/stiri\/%e2%80%9clebada-verde-o-copilarie-in-delta%e2%80%9d-de-tina-verban\/","title":{"rendered":"\u201cLeb\u0103da Verde. O copil\u0103rie \u00een Delt\u0103\u201d de Tina Verban"},"content":{"rendered":"<p>La Editura Curtea Veche a ap\u0103rut volumul pentru copii \u201cLeb\u0103da Verde. O copil\u0103rie \u00een Delt\u0103\u201d de Tina Verban. Cartea reprezint\u0103 o evocare poetic\u0103 a lumii Deltei Dun\u0103rii \u00eenaintea celui de-al Doilea R\u0103zboi Mondial, \u00een care observarea naturii, a obiceiurilor statornice \u015fi a detaliului istoric se \u00eempletesc cu  g\u00e2ndurile \u015fi emo\u0163iile unei feti\u0163e pe care s\u0103r\u0103cia, izolarea, o \u00eempiedic\u0103 s\u0103-\u015fi realizeze aspira\u0163iile, \u00een special pe aceea de a merge \u201emai departe\u201c la \u015fcoal\u0103. Desenele, de bun gust \u015fi \u00een armonie cu poezia textului, completeaz\u0103 un ansamblu u\u015for (\u015fi pl\u0103cut) retro.<img loading=\"lazy\" src=\"http:\/\/feeds.feedburner.com\/~r\/AgentiaDeCarte\/~4\/HwZUkUOttRM\" height=\"1\" width=\"1\"\/><\/p>\n","protected":false},"excerpt":{"rendered":"<p>La Editura Curtea Veche a ap\u0103rut volumul pentru copii \u201cLeb\u0103da Verde. O copil\u0103rie \u00een Delt\u0103\u201d de Tina Verban. Cartea reprezint\u0103 o evocare poetic\u0103 a lumii Deltei Dun\u0103rii \u00eenaintea celui de-al Doilea R\u0103zboi Mondial, \u00een care observarea naturii,&#8230;<\/p>\n","protected":false},"author":26,"featured_media":0,"comment_status":"closed","ping_status":"closed","sticky":false,"template":"","format":"standard","meta":[],"categories":[897],"tags":[2233],"_links":{"self":[{"href":"https:\/\/townportal.ro\/carti\/wp-json\/wp\/v2\/posts\/2385"}],"collection":[{"href":"https:\/\/townportal.ro\/carti\/wp-json\/wp\/v2\/posts"}],"about":[{"href":"https:\/\/townportal.ro\/carti\/wp-json\/wp\/v2\/types\/post"}],"author":[{"embeddable":true,"href":"https:\/\/townportal.ro\/carti\/wp-json\/wp\/v2\/users\/26"}],"replies":[{"embeddable":true,"href":"https:\/\/townportal.ro\/carti\/wp-json\/wp\/v2\/comments?post=2385"}],"version-history":[{"count":0,"href":"https:\/\/townportal.ro\/carti\/wp-json\/wp\/v2\/posts\/2385\/revisions"}],"wp:attachment":[{"href":"https:\/\/townportal.ro\/carti\/wp-json\/wp\/v2\/media?parent=2385"}],"wp:term":[{"taxonomy":"category","embeddable":true,"href":"https:\/\/townportal.ro\/carti\/wp-json\/wp\/v2\/categories?post=2385"},{"taxonomy":"post_tag","embeddable":true,"href":"https:\/\/townportal.ro\/carti\/wp-json\/wp\/v2\/tags?post=2385"}],"curies":[{"name":"wp","href":"https:\/\/api.w.org\/{rel}","templated":true}]}}