{"id":2379,"date":"2011-04-16T22:24:53","date_gmt":"2011-04-16T20:24:53","guid":{"rendered":"tag:www.agentiadecarte.ro:\/\/a13a3e9920041e7377b679be14eab444"},"modified":"2011-04-16T22:24:53","modified_gmt":"2011-04-16T20:24:53","slug":"%e2%80%9eresurectia-criticii-literare%e2%80%9d-si-%e2%80%9cierarhiile-literare-intre-canon-si-lupte-generationiste%e2%80%9d-dezbatute-la-cea-de-a-v-a-editie-a-colocviului-national-al-tinerilor-crit","status":"publish","type":"post","link":"https:\/\/townportal.ro\/carti\/stiri\/%e2%80%9eresurectia-criticii-literare%e2%80%9d-si-%e2%80%9cierarhiile-literare-intre-canon-si-lupte-generationiste%e2%80%9d-dezbatute-la-cea-de-a-v-a-editie-a-colocviului-national-al-tinerilor-crit\/","title":{"rendered":"\u201eResurec\u0163ia criticii literare\u201d \u015fi \u201cIerarhiile literare, \u00eentre canon \u015fi lupte genera\u0163ioniste\u201d, dezb\u0103tute la cea de-a V-a edi\u0163ie a  Colocviului Na\u0163ional al Tinerilor Critici Literari"},"content":{"rendered":"<p>S\u00e2mb\u0103t\u0103, 16 aprilie 2011, ora 10:00, la Funda\u0163ia Na\u0163ional\u0103 pentru \u015etiin\u0163\u0103 \u015fi Art\u0103  din Bucure\u015fti a debutat cea de-a V-a edi\u0163ie a Colocviului Na\u0163ional al Tinerilor Critici Literari \u201eG. C\u0103linescu fa\u0163\u0103 cu noua critic\u0103 literar\u0103\u201d. Invita\u0163ii speciali au fost: acad. Mihai Cimpoi, pre\u015fedintele Uniunii Scriitorilor din Republica Moldova, Gabriel Dimisianu, critic \u015fi istoric literar, precum \u015fi prof. univ. dr. Valeriu Ioan-Franc, director general adjunct la Institutul Na\u0163ional de Cercet\u0103ri Economice \u201eCostin C. Neni\u0163escu\u201c al Academiei Rom\u00e2ne, redactor-\u015fef al revistei \u201cCaiete Critice\u201d, dar \u015fi directorul programului postdoctoral \u201eValorificarea identit\u0103\u0163ilor culturale \u00een procesele globale\u201c, proiect cofinan\u0163at de Fondul Social European, prin Programul Opera\u0163ional Sectorial pentru Dezvoltarea Resurselor Umane 2007-2013\u201d al Academiei Rom\u00e2ne, finan\u0163at de Uniunea European\u0103.<img loading=\"lazy\" src=\"http:\/\/feeds.feedburner.com\/~r\/AgentiaDeCarte\/~4\/zqCc-dZxqoc\" height=\"1\" width=\"1\"\/><\/p>\n","protected":false},"excerpt":{"rendered":"<p>S\u00e2mb\u0103t\u0103, 16 aprilie 2011, ora 10:00, la Funda\u0163ia Na\u0163ional\u0103 pentru \u015etiin\u0163\u0103 \u015fi Art\u0103  din Bucure\u015fti a debutat cea de-a V-a edi\u0163ie a Colocviului Na\u0163ional al Tinerilor Critici Literari \u201eG. C\u0103linescu fa\u0163\u0103 cu noua critic\u0103 literar\u0103\u201d. Inv&#8230;<\/p>\n","protected":false},"author":26,"featured_media":0,"comment_status":"closed","ping_status":"closed","sticky":false,"template":"","format":"standard","meta":[],"categories":[897],"tags":[2233],"_links":{"self":[{"href":"https:\/\/townportal.ro\/carti\/wp-json\/wp\/v2\/posts\/2379"}],"collection":[{"href":"https:\/\/townportal.ro\/carti\/wp-json\/wp\/v2\/posts"}],"about":[{"href":"https:\/\/townportal.ro\/carti\/wp-json\/wp\/v2\/types\/post"}],"author":[{"embeddable":true,"href":"https:\/\/townportal.ro\/carti\/wp-json\/wp\/v2\/users\/26"}],"replies":[{"embeddable":true,"href":"https:\/\/townportal.ro\/carti\/wp-json\/wp\/v2\/comments?post=2379"}],"version-history":[{"count":0,"href":"https:\/\/townportal.ro\/carti\/wp-json\/wp\/v2\/posts\/2379\/revisions"}],"wp:attachment":[{"href":"https:\/\/townportal.ro\/carti\/wp-json\/wp\/v2\/media?parent=2379"}],"wp:term":[{"taxonomy":"category","embeddable":true,"href":"https:\/\/townportal.ro\/carti\/wp-json\/wp\/v2\/categories?post=2379"},{"taxonomy":"post_tag","embeddable":true,"href":"https:\/\/townportal.ro\/carti\/wp-json\/wp\/v2\/tags?post=2379"}],"curies":[{"name":"wp","href":"https:\/\/api.w.org\/{rel}","templated":true}]}}